{"id":16030,"date":"2024-07-27T18:02:00","date_gmt":"2024-07-27T16:02:00","guid":{"rendered":"https:\/\/redheadwithabrain.ch\/?p=16030"},"modified":"2024-07-28T09:59:54","modified_gmt":"2024-07-28T07:59:54","slug":"le-combat-ordinaire-manu-larcenet-2010","status":"publish","type":"post","link":"https:\/\/redheadwithabrain.ch\/index.php\/2024\/07\/27\/le-combat-ordinaire-manu-larcenet-2010\/","title":{"rendered":"Le combat ordinaire &#8211; Manu Larcenet (2010)"},"content":{"rendered":"\n<p class=\"wp-block-paragraph\">Combat ordinaire, celle de la vie de tous les jours. Marco qui se bat avec sa vie de photographe de guerre dont il ne veut plus, sa vie de couple qui lui fait peur et ses angoisses t\u00e9tanisantes et indomptables. IL observe aussi son p\u00e8re atteint de la maladie d&#8217;Alzheimer, sa m\u00e8re que se retrouve seule et son fr\u00e8re qui g\u00e8re difficilement le deuil. Puis l&#8217;usine, celle o\u00f9 travaillait son p\u00e8re, celle o\u00f9 il  agrandit et les ouvriers qui restent trait\u00e9s comme des moins-que-rien. Le dessin est magnifique, une alternance de cases color\u00e9es pour la vie actuelle de Marco, des cases sombres pour l&#8217;usine et les travailleurs, et de cases avec de simples portraits noir-blancs pour des grandes tirades philosophiques. C&#8217;est plut\u00f4t d\u00e9primant comme beaucoup d&#8217;\u0153uvres de Larcenet, mais c&#8217;est sublime et tr\u00e8s touchant.<\/p>\n\n\n\n<p class=\"wp-block-paragraph\"><em>&#8220;On a tous des mani\u00e8res diff\u00e9rentes de r\u00e9agir au deuil, \u00e0 la douleur, au manque. Certains parlent, argumentent, \u00e9chafaudent des th\u00e9ories, longuement, comme pour combler le vide&#8230; D&#8217;autres au contraire se taisent avec l&#8217;application de l&#8217;enfant sur un probl\u00e8me math\u00e9matique. Pour ma part, les peines intenses m&#8217;anesth\u00e9sient. Que je parle ou que je garde le silence, je suis alors vide. Le subit an\u00e9antissement de mes \u00e9motions semble \u00eatre mon syst\u00e8me personnel de protection. Je suis alors capable de continuer. Une part de moi s&#8217;occupe des autres, des relations sociales, de l&#8217;intendance en somme&#8230; tandis que l&#8217;autre habite mon lopin d&#8217;enfer soigneusement priv\u00e9, \u00e0 l&#8217;abris des regards.&#8221;<\/em><\/p>\n\n\n\n<figure class=\"wp-block-image size-large is-resized\"><img data-recalc-dims=\"1\" loading=\"lazy\" decoding=\"async\" width=\"724\" height=\"1024\" src=\"https:\/\/i0.wp.com\/redheadwithabrain.ch\/wp-content\/uploads\/2024\/07\/PXL_20240728_0754266802.jpg?resize=724%2C1024&#038;ssl=1\" alt=\"\" class=\"wp-image-16052\" style=\"width:839px;height:auto\" srcset=\"https:\/\/i0.wp.com\/redheadwithabrain.ch\/wp-content\/uploads\/2024\/07\/PXL_20240728_0754266802-scaled.jpg?resize=724%2C1024&amp;ssl=1 724w, https:\/\/i0.wp.com\/redheadwithabrain.ch\/wp-content\/uploads\/2024\/07\/PXL_20240728_0754266802-scaled.jpg?resize=212%2C300&amp;ssl=1 212w, https:\/\/i0.wp.com\/redheadwithabrain.ch\/wp-content\/uploads\/2024\/07\/PXL_20240728_0754266802-scaled.jpg?resize=768%2C1086&amp;ssl=1 768w, https:\/\/i0.wp.com\/redheadwithabrain.ch\/wp-content\/uploads\/2024\/07\/PXL_20240728_0754266802-scaled.jpg?resize=1086%2C1536&amp;ssl=1 1086w, https:\/\/i0.wp.com\/redheadwithabrain.ch\/wp-content\/uploads\/2024\/07\/PXL_20240728_0754266802-scaled.jpg?resize=1448%2C2048&amp;ssl=1 1448w, https:\/\/i0.wp.com\/redheadwithabrain.ch\/wp-content\/uploads\/2024\/07\/PXL_20240728_0754266802-scaled.jpg?w=1810&amp;ssl=1 1810w\" sizes=\"auto, (max-width: 724px) 100vw, 724px\" \/><\/figure>\n","protected":false},"excerpt":{"rendered":"<p>Combat ordinaire, celle de la vie de tous les jours. Marco qui se bat avec sa vie de photographe de guerre dont il ne veut plus, sa vie de couple qui lui fait peur et ses angoisses t\u00e9tanisantes et indomptables. IL observe aussi son p\u00e8re atteint de la maladie d&#8217;Alzheimer, sa m\u00e8re que se retrouve [&hellip;]<\/p>\n","protected":false},"author":1,"featured_media":16050,"comment_status":"closed","ping_status":"open","sticky":false,"template":"","format":"standard","meta":{"_jetpack_newsletter_access":"","_jetpack_dont_email_post_to_subs":false,"_jetpack_newsletter_tier_id":0,"_jetpack_memberships_contains_paywalled_content":false,"_jetpack_feature_clip_id":0,"_jetpack_memberships_contains_paid_content":false,"footnotes":"","jetpack_post_was_ever_published":false},"categories":[256],"tags":[146,31,148],"class_list":["post-16030","post","type-post","status-publish","format-standard","has-post-thumbnail","hentry","category-graphic-2024","tag-despair","tag-family","tag-fate"],"jetpack_sharing_enabled":true,"jetpack_featured_media_url":"https:\/\/i0.wp.com\/redheadwithabrain.ch\/wp-content\/uploads\/2024\/07\/cristina-gavrila-Ve_QjaM54OA-unsplash-1-scaled.jpg?fit=2560%2C1707&ssl=1","_links":{"self":[{"href":"https:\/\/redheadwithabrain.ch\/index.php\/wp-json\/wp\/v2\/posts\/16030","targetHints":{"allow":["GET"]}}],"collection":[{"href":"https:\/\/redheadwithabrain.ch\/index.php\/wp-json\/wp\/v2\/posts"}],"about":[{"href":"https:\/\/redheadwithabrain.ch\/index.php\/wp-json\/wp\/v2\/types\/post"}],"author":[{"embeddable":true,"href":"https:\/\/redheadwithabrain.ch\/index.php\/wp-json\/wp\/v2\/users\/1"}],"replies":[{"embeddable":true,"href":"https:\/\/redheadwithabrain.ch\/index.php\/wp-json\/wp\/v2\/comments?post=16030"}],"version-history":[{"count":2,"href":"https:\/\/redheadwithabrain.ch\/index.php\/wp-json\/wp\/v2\/posts\/16030\/revisions"}],"predecessor-version":[{"id":16053,"href":"https:\/\/redheadwithabrain.ch\/index.php\/wp-json\/wp\/v2\/posts\/16030\/revisions\/16053"}],"wp:featuredmedia":[{"embeddable":true,"href":"https:\/\/redheadwithabrain.ch\/index.php\/wp-json\/wp\/v2\/media\/16050"}],"wp:attachment":[{"href":"https:\/\/redheadwithabrain.ch\/index.php\/wp-json\/wp\/v2\/media?parent=16030"}],"wp:term":[{"taxonomy":"category","embeddable":true,"href":"https:\/\/redheadwithabrain.ch\/index.php\/wp-json\/wp\/v2\/categories?post=16030"},{"taxonomy":"post_tag","embeddable":true,"href":"https:\/\/redheadwithabrain.ch\/index.php\/wp-json\/wp\/v2\/tags?post=16030"}],"curies":[{"name":"wp","href":"https:\/\/api.w.org\/{rel}","templated":true}]}}