{"id":16375,"date":"2024-09-20T19:25:44","date_gmt":"2024-09-20T17:25:44","guid":{"rendered":"https:\/\/redheadwithabrain.ch\/?p=16375"},"modified":"2024-09-26T22:44:18","modified_gmt":"2024-09-26T20:44:18","slug":"arsenale-stranieri-ovunque-biennale-darte-venezia-2024","status":"publish","type":"post","link":"https:\/\/redheadwithabrain.ch\/index.php\/2024\/09\/20\/arsenale-stranieri-ovunque-biennale-darte-venezia-2024\/","title":{"rendered":"Arsenale &#8211; Stranieri Ovunque &#8211; Biennale d&#8217;Arte &#8211; Venezia (2024)"},"content":{"rendered":"\n<p class=\"wp-block-paragraph\">Premier jour de visite de cette Biennale 2024 consacr\u00e9 aux \u0153uvres expos\u00e9es \u00e0 l&#8217;Arsenal, ce superbe b\u00e2timent industriel qui met en valeur les \u0153uvres par contraste avec son d\u00e9nuement. Le b\u00e2timent mesure 317 m\u00e8tres de long, 21 m\u00e8tres de large et 12,10 m\u00e8tres de haut. Grand. Cent trente-sept artistes y sont expos\u00e9s. Quelques \u0153uvres qui m&#8217;ont marqu\u00e9 : L&#8217;exposition commence par une \u0153uvre d&#8217;un collectif maori de quatre artistes femmes, le Mataaho Collective, qui pr\u00e9sente Takapau, une installation en polyester, boucles et crochets en acier, repr\u00e9sentant un tapis tiss\u00e9 utilis\u00e9 lors de naissances. J&#8217;ai \u00e9t\u00e9 \u00e9tonn\u00e9e par la diversit\u00e9 des usages du tissu dans cette exposition : des tableaux cousus, des \u0153uvres tiss\u00e9es, des tissus teints ressemblant \u00e0 des cyanotypes, et particuli\u00e8rement les batiks de S\u00e0ng\u00f3d\u00e1re Gb\u00e1d\u00e9gesin \u00c0j\u00e0l\u00e1. Il y avait beaucoup d&#8217;\u0153uvres vid\u00e9os que je me suis appliqu\u00e9e \u00e0 regarder, avec de belles d\u00e9couvertes aussi. \u00c0 la sortie du grand b\u00e2timent, nous avons pu voir les pavillons de vingt-trois pays et des \u0153uvres ext\u00e9rieures, ainsi que des vid\u00e9os de douze artistes. J&#8217;ai particuli\u00e8rement aim\u00e9 celle de Kang Seung Lee. Une magnifique journ\u00e9e, la t\u00eate pleine de beaut\u00e9 et de couleurs.<\/p>\n\n\n\n<p class=\"wp-block-paragraph\">&#8220;The Italian\u00a0<em>straniero<\/em>, the Portuguese\u00a0<em>estrangeiro<\/em>, the French\u00a0<em>\u00e9tranger<\/em>, and the Spanish\u00a0<em>extranjero<\/em>, are all etymologically connected to the\u00a0<em>strano<\/em>, the\u00a0<em>estranho<\/em>, the\u00a0<em>\u00e9trange<\/em>, the\u00a0<em>extra\u00f1o<\/em>, respectively, which is precisely the stranger. Sigmund Freud\u2019s\u00a0<em>Das Unheimliche<\/em>\u00a0comes to mind\u2014<em>TUncanny<\/em>\u00a0in English, which in Portuguese has indeed been translated as \u201c<em>o estranho<\/em>\u201d\u2013 the strange that is also familiar, within, deep down side. According to the\u00a0<em>American Heritage<\/em>\u00a0and the\u00a0<em>Oxford Dictionaries<\/em>, the first meaning of the word \u201cqueer\u201d is precisely \u201cstrange\u201d, and thus the Exhibition unfolds and focuses on the production of other related subjects:\u00a0<strong>the queer artist<\/strong>, who has moved within different sexualities and genders, often being persecuted or outlawed;\u00a0<strong>the outsider artist<\/strong>, who is located at the margins of the art world, much like the self-taught artist,\u00a0<strong>the folk artist<\/strong>\u00a0and the\u00a0<em>artista popular<\/em>;\u00a0<strong>the indigenous artist<\/strong>, frequently treated as a foreigner in his or her own land. The productions of these four subjects are the interest of this Biennale, constituting the\u00a0<em>Nucleo Contemporaneo<\/em>.&#8221;<\/p>\n","protected":false},"excerpt":{"rendered":"<p>Premier jour de visite de cette Biennale 2024 consacr\u00e9 aux \u0153uvres expos\u00e9es \u00e0 l&#8217;Arsenal, ce superbe b\u00e2timent industriel qui met en valeur les \u0153uvres par contraste avec son d\u00e9nuement. Le b\u00e2timent mesure 317 m\u00e8tres de long, 21 m\u00e8tres de large et 12,10 m\u00e8tres de haut. Grand. Cent trente-sept artistes y sont expos\u00e9s. Quelques \u0153uvres qui [&hellip;]<\/p>\n","protected":false},"author":1,"featured_media":16426,"comment_status":"closed","ping_status":"open","sticky":false,"template":"","format":"standard","meta":{"_jetpack_newsletter_access":"","_jetpack_dont_email_post_to_subs":false,"_jetpack_newsletter_tier_id":0,"_jetpack_memberships_contains_paywalled_content":false,"_jetpack_feature_clip_id":0,"_jetpack_memberships_contains_paid_content":false,"footnotes":"","jetpack_post_was_ever_published":false},"categories":[117],"tags":[118,37,67],"class_list":["post-16375","post","type-post","status-publish","format-standard","has-post-thumbnail","hentry","category-exhibitions","tag-beauty","tag-bliss","tag-creativity"],"jetpack_sharing_enabled":true,"jetpack_featured_media_url":"https:\/\/i0.wp.com\/redheadwithabrain.ch\/wp-content\/uploads\/2024\/09\/PXL_20240920_122325531-scaled.jpg?fit=2560%2C1928&ssl=1","_links":{"self":[{"href":"https:\/\/redheadwithabrain.ch\/index.php\/wp-json\/wp\/v2\/posts\/16375","targetHints":{"allow":["GET"]}}],"collection":[{"href":"https:\/\/redheadwithabrain.ch\/index.php\/wp-json\/wp\/v2\/posts"}],"about":[{"href":"https:\/\/redheadwithabrain.ch\/index.php\/wp-json\/wp\/v2\/types\/post"}],"author":[{"embeddable":true,"href":"https:\/\/redheadwithabrain.ch\/index.php\/wp-json\/wp\/v2\/users\/1"}],"replies":[{"embeddable":true,"href":"https:\/\/redheadwithabrain.ch\/index.php\/wp-json\/wp\/v2\/comments?post=16375"}],"version-history":[{"count":4,"href":"https:\/\/redheadwithabrain.ch\/index.php\/wp-json\/wp\/v2\/posts\/16375\/revisions"}],"predecessor-version":[{"id":16428,"href":"https:\/\/redheadwithabrain.ch\/index.php\/wp-json\/wp\/v2\/posts\/16375\/revisions\/16428"}],"wp:featuredmedia":[{"embeddable":true,"href":"https:\/\/redheadwithabrain.ch\/index.php\/wp-json\/wp\/v2\/media\/16426"}],"wp:attachment":[{"href":"https:\/\/redheadwithabrain.ch\/index.php\/wp-json\/wp\/v2\/media?parent=16375"}],"wp:term":[{"taxonomy":"category","embeddable":true,"href":"https:\/\/redheadwithabrain.ch\/index.php\/wp-json\/wp\/v2\/categories?post=16375"},{"taxonomy":"post_tag","embeddable":true,"href":"https:\/\/redheadwithabrain.ch\/index.php\/wp-json\/wp\/v2\/tags?post=16375"}],"curies":[{"name":"wp","href":"https:\/\/api.w.org\/{rel}","templated":true}]}}