{"id":16700,"date":"2024-10-23T19:17:00","date_gmt":"2024-10-23T17:17:00","guid":{"rendered":"https:\/\/redheadwithabrain.ch\/?p=16700"},"modified":"2026-01-17T18:57:17","modified_gmt":"2026-01-17T17:57:17","slug":"la-clemenza-di-tito-wolfgang-amadeus-mozart-1791","status":"publish","type":"post","link":"https:\/\/redheadwithabrain.ch\/index.php\/2024\/10\/23\/la-clemenza-di-tito-wolfgang-amadeus-mozart-1791\/","title":{"rendered":"La clemenza di Tito &#8211; Wolfgang Amadeus Mozart (1791)"},"content":{"rendered":"\n<p class=\"wp-block-paragraph\">Dernier op\u00e9ra de Mozart, la trame de l&#8217;histoire est un vrai sc\u00e9nario \u00e0 la Marivaux. Titus veut \u00e9pouser Servilia, qui aime Annio, puis Vittelia, qui est la ma\u00eetresse de Sextus, son meilleur ami. Sextus, pouss\u00e9 par Vitellia, essaie de tuer Titus, mais n&#8217;y parvient pas. Sextus et Vitellia devraient \u00eatre condamn\u00e9s, mais gr\u00e2ce \u00e0 la cl\u00e9mence de Titus, ils sont graci\u00e9s. Voil\u00e0 l&#8217;histoire telle qu&#8217;elle se d\u00e9roule. La version de ce soir, mise en sc\u00e8ne par Milo Rau, suit tr\u00e8s librement cette trame. L&#8217;histoire commence par la fin et retourne en arri\u00e8re. Elle intercale dans la pi\u00e8ce la vie r\u00e9elle des acteurs et des figurants, avec des mini-portraits film\u00e9s et sous-titr\u00e9s, projet\u00e9s simultan\u00e9ment aux plus grands airs de cet op\u00e9ra. Un c\u0153ur extrait d&#8217;un des figurants au d\u00e9but, un c\u0153ur de vache quand m\u00eame, est pass\u00e9 de main en main pendant les deux heures trente du spectacle. Je n&#8217;avais jamais assist\u00e9 \u00e0 une pi\u00e8ce classique aussi d\u00e9compos\u00e9e et r\u00e9interpr\u00e9t\u00e9e. Cela n&#8217;a pas plu \u00e0 tous les spectateurs, mais j&#8217;ai trouv\u00e9 cela assez grandiose et exigeant. Les d\u00e9cors et la mise en sc\u00e8ne \u00e9taient \u00e9galement magnifiques, avec des cr\u00e9ations de tableaux sur sc\u00e8ne, Le Radeau de la M\u00e9duse de G\u00e9ricault, La Mort de Marat de David. Tr\u00e8s original.<\/p>\n\n\n\n<p class=\"has-text-align-center wp-block-paragraph\"><em>&#8220;<strong>Publio<\/strong><br>Ma v&#8217;\u00e8, Signor, chi lacerare ardisce<br>anche il tuo nome.<br><strong>Tito<\/strong><br>E che perci\u00f2? se &#8216;l mosse<br>leggerezza: nol curo;<br>se follia: lo compiango;<br>se ragion: gli son grato! e se in lui sono<br>impeti di malizia. io gli perdono.&#8221;<\/em><\/p>\n\n\n\n<p class=\"has-text-align-center wp-block-paragraph\"><em>&#8220;<strong>Publius<\/strong><br>Mais seigneur, certains osent<br>aussi profaner ton nom.<br><strong>Titus<\/strong><br>Et quand cela serait ?<br>Si la l\u00e9g\u00e8ret\u00e9 les y a pouss\u00e9s, je n\u2019en ai cure.<br>Si c\u2019est la d\u00e9mence, je les plains.<br>Si c\u2019est la raison, je les remercie.<br>Si ce sont des acc\u00e8s de malveillance, je leur pardonne.&#8221;<\/em><\/p>\n\n\n\n<p class=\"wp-block-paragraph\" style=\"font-size:15px\"><strong><mark style=\"background-color:rgba(0, 0, 0, 0)\" class=\"has-inline-color has-colibri-color-4-color\">Cr\u00e9\u00e9 le 6 septembre 1791 au Th\u00e9\u00e2tre des \u00c9tats \u00e0 Prague<br>Derni\u00e8re fois au Grand Th\u00e9\u00e2tre de Gen\u00e8ve en 2005-2006<\/mark><\/strong><\/p>\n","protected":false},"excerpt":{"rendered":"<p>Dernier op\u00e9ra de Mozart, la trame de l&#8217;histoire est un vrai sc\u00e9nario \u00e0 la Marivaux. Titus veut \u00e9pouser Servilia, qui aime Annio, puis Vittelia, qui est la ma\u00eetresse de Sextus, son meilleur ami. Sextus, pouss\u00e9 par Vitellia, essaie de tuer Titus, mais n&#8217;y parvient pas. Sextus et Vitellia devraient \u00eatre condamn\u00e9s, mais gr\u00e2ce \u00e0 la [&hellip;]<\/p>\n","protected":false},"author":1,"featured_media":16732,"comment_status":"closed","ping_status":"open","sticky":false,"template":"","format":"standard","meta":{"_jetpack_newsletter_access":"","_jetpack_dont_email_post_to_subs":false,"_jetpack_newsletter_tier_id":0,"_jetpack_memberships_contains_paywalled_content":false,"_jetpack_feature_clip_id":0,"_jetpack_memberships_contains_paid_content":false,"footnotes":"","jetpack_post_was_ever_published":false},"categories":[5],"tags":[19,64,13],"class_list":["post-16700","post","type-post","status-publish","format-standard","has-post-thumbnail","hentry","category-operas","tag-love","tag-madness","tag-resilience"],"jetpack_sharing_enabled":true,"jetpack_featured_media_url":"https:\/\/i0.wp.com\/redheadwithabrain.ch\/wp-content\/uploads\/2024\/10\/virginia-marinova-xCu9euRg3d8-unsplash-scaled.jpg?fit=2560%2C1703&ssl=1","_links":{"self":[{"href":"https:\/\/redheadwithabrain.ch\/index.php\/wp-json\/wp\/v2\/posts\/16700","targetHints":{"allow":["GET"]}}],"collection":[{"href":"https:\/\/redheadwithabrain.ch\/index.php\/wp-json\/wp\/v2\/posts"}],"about":[{"href":"https:\/\/redheadwithabrain.ch\/index.php\/wp-json\/wp\/v2\/types\/post"}],"author":[{"embeddable":true,"href":"https:\/\/redheadwithabrain.ch\/index.php\/wp-json\/wp\/v2\/users\/1"}],"replies":[{"embeddable":true,"href":"https:\/\/redheadwithabrain.ch\/index.php\/wp-json\/wp\/v2\/comments?post=16700"}],"version-history":[{"count":3,"href":"https:\/\/redheadwithabrain.ch\/index.php\/wp-json\/wp\/v2\/posts\/16700\/revisions"}],"predecessor-version":[{"id":20033,"href":"https:\/\/redheadwithabrain.ch\/index.php\/wp-json\/wp\/v2\/posts\/16700\/revisions\/20033"}],"wp:featuredmedia":[{"embeddable":true,"href":"https:\/\/redheadwithabrain.ch\/index.php\/wp-json\/wp\/v2\/media\/16732"}],"wp:attachment":[{"href":"https:\/\/redheadwithabrain.ch\/index.php\/wp-json\/wp\/v2\/media?parent=16700"}],"wp:term":[{"taxonomy":"category","embeddable":true,"href":"https:\/\/redheadwithabrain.ch\/index.php\/wp-json\/wp\/v2\/categories?post=16700"},{"taxonomy":"post_tag","embeddable":true,"href":"https:\/\/redheadwithabrain.ch\/index.php\/wp-json\/wp\/v2\/tags?post=16700"}],"curies":[{"name":"wp","href":"https:\/\/api.w.org\/{rel}","templated":true}]}}