{"id":16740,"date":"2024-10-26T10:37:00","date_gmt":"2024-10-26T08:37:00","guid":{"rendered":"https:\/\/redheadwithabrain.ch\/?p=16740"},"modified":"2024-10-27T20:38:59","modified_gmt":"2024-10-27T19:38:59","slug":"les-zombis-la-mort-nest-pas-une-fin-musee-du-quai-branly-2024","status":"publish","type":"post","link":"https:\/\/redheadwithabrain.ch\/index.php\/2024\/10\/26\/les-zombis-la-mort-nest-pas-une-fin-musee-du-quai-branly-2024\/","title":{"rendered":"Les Zombis &#8211; La mort n&#8217;est pas une fin ? &#8211; Mus\u00e9e du Quai Branly (2024)"},"content":{"rendered":"\n<p class=\"wp-block-paragraph\">Un \u00eatre mort, puis ressuscit\u00e9, sous l&#8217;emprise de quelqu&#8217;un d&#8217;autre\u2026 C&#8217;est la d\u00e9finition la plus simple du zombi. Cette croyance vaudou est issue du croisement de plusieurs cultures : des traditions africaines import\u00e9es par les esclaves, des rites catholiques et des croyances d\u00e9j\u00e0 pr\u00e9sentes dans les Cara\u00efbes. C&#8217;est cette th\u00e9matique que l&#8217;exposition temporaire du Mus\u00e9e du Quai Branly explore. Elle propose des objets, des peintures, des statues, des films et retrace, dans la mesure du possible, l&#8217;histoire des zombis jusqu&#8217;\u00e0 l&#8217;appropriation de ce th\u00e8me par les films et la litt\u00e9rature. C&#8217;est une tr\u00e8s belle exposition qui interroge le sens de ce concept de zombification sans y apporter toutes les r\u00e9ponses. C&#8217;est un sujet que je trouve fascinant.<\/p>\n\n\n\n<p class=\"wp-block-paragraph\"><em>&#8220;Chaque nuit est un nouveau r\u00e9cit plein d&#8217;aventures et de ch\u00e2timents, de cris et de chuchotements, mais au matin elle rayonne avec le sel des mots sur les l\u00e8vres.&#8221;<\/em><\/p>\n","protected":false},"excerpt":{"rendered":"<p>Un \u00eatre mort, puis ressuscit\u00e9, sous l&#8217;emprise de quelqu&#8217;un d&#8217;autre\u2026 C&#8217;est la d\u00e9finition la plus simple du zombi. Cette croyance vaudou est issue du croisement de plusieurs cultures : des traditions africaines import\u00e9es par les esclaves, des rites catholiques et des croyances d\u00e9j\u00e0 pr\u00e9sentes dans les Cara\u00efbes. C&#8217;est cette th\u00e9matique que l&#8217;exposition temporaire du Mus\u00e9e [&hellip;]<\/p>\n","protected":false},"author":1,"featured_media":16759,"comment_status":"closed","ping_status":"open","sticky":false,"template":"","format":"standard","meta":{"_jetpack_newsletter_access":"","_jetpack_dont_email_post_to_subs":false,"_jetpack_newsletter_tier_id":0,"_jetpack_memberships_contains_paywalled_content":false,"_jetpack_feature_clip_id":0,"_jetpack_memberships_contains_paid_content":false,"footnotes":"","jetpack_post_was_ever_published":false},"categories":[117],"tags":[56,24,48],"class_list":["post-16740","post","type-post","status-publish","format-standard","has-post-thumbnail","hentry","category-exhibitions","tag-death","tag-magic","tag-weirdness"],"jetpack_sharing_enabled":true,"jetpack_featured_media_url":"https:\/\/i0.wp.com\/redheadwithabrain.ch\/wp-content\/uploads\/2024\/10\/PXL_20241027_1810024632-EDIT-scaled.jpg?fit=2539%2C2560&ssl=1","_links":{"self":[{"href":"https:\/\/redheadwithabrain.ch\/index.php\/wp-json\/wp\/v2\/posts\/16740","targetHints":{"allow":["GET"]}}],"collection":[{"href":"https:\/\/redheadwithabrain.ch\/index.php\/wp-json\/wp\/v2\/posts"}],"about":[{"href":"https:\/\/redheadwithabrain.ch\/index.php\/wp-json\/wp\/v2\/types\/post"}],"author":[{"embeddable":true,"href":"https:\/\/redheadwithabrain.ch\/index.php\/wp-json\/wp\/v2\/users\/1"}],"replies":[{"embeddable":true,"href":"https:\/\/redheadwithabrain.ch\/index.php\/wp-json\/wp\/v2\/comments?post=16740"}],"version-history":[{"count":2,"href":"https:\/\/redheadwithabrain.ch\/index.php\/wp-json\/wp\/v2\/posts\/16740\/revisions"}],"predecessor-version":[{"id":16763,"href":"https:\/\/redheadwithabrain.ch\/index.php\/wp-json\/wp\/v2\/posts\/16740\/revisions\/16763"}],"wp:featuredmedia":[{"embeddable":true,"href":"https:\/\/redheadwithabrain.ch\/index.php\/wp-json\/wp\/v2\/media\/16759"}],"wp:attachment":[{"href":"https:\/\/redheadwithabrain.ch\/index.php\/wp-json\/wp\/v2\/media?parent=16740"}],"wp:term":[{"taxonomy":"category","embeddable":true,"href":"https:\/\/redheadwithabrain.ch\/index.php\/wp-json\/wp\/v2\/categories?post=16740"},{"taxonomy":"post_tag","embeddable":true,"href":"https:\/\/redheadwithabrain.ch\/index.php\/wp-json\/wp\/v2\/tags?post=16740"}],"curies":[{"name":"wp","href":"https:\/\/api.w.org\/{rel}","templated":true}]}}