{"id":17174,"date":"2024-12-05T23:51:30","date_gmt":"2024-12-05T22:51:30","guid":{"rendered":"https:\/\/redheadwithabrain.ch\/?p=17174"},"modified":"2026-01-29T12:50:22","modified_gmt":"2026-01-29T11:50:22","slug":"boule-a-neige-patrick-boucheron-mohamed-el-khatib-2024","status":"publish","type":"post","link":"https:\/\/redheadwithabrain.ch\/index.php\/2024\/12\/05\/boule-a-neige-patrick-boucheron-mohamed-el-khatib-2024\/","title":{"rendered":"Boule \u00e0 neige &#8211; Patrick Boucheron &amp; Mohamed El Khatib (2020)"},"content":{"rendered":"\n<p class=\"wp-block-paragraph\">Dans cette pi\u00e8ce singuli\u00e8re, la boule \u00e0 neige n\u2019est peut-\u00eatre qu\u2019un pr\u00e9texte. Install\u00e9s dans un petit amphith\u00e9\u00e2tre de bois, entour\u00e9s de boules \u00e0 neige diss\u00e9min\u00e9es ici et l\u00e0, deux com\u00e9diens \u00e9changent au centre de cet espace. L\u2019un est historien, l\u2019autre metteur en sc\u00e8ne. S\u2019ils parlent effectivement des boules \u00e0 neige, leur dialogue explore surtout des th\u00e8mes profonds : l\u2019histoire en tant que science, la m\u00e9moire, le souvenir et le deuil. Des interviews de collectionneurs projet\u00e9es sur des \u00e9crans et une cam\u00e9ra filmant en gros plan quelques boules enrichissent leur \u00e9change. Les deux acteurs jouent un texte d\u2019une beaut\u00e9 saisissante : en m\u00eame temps dr\u00f4le, \u00e9mouvant et profond\u00e9ment boulversant. J\u2019ai \u00e9t\u00e9 totalement immerg\u00e9e, voir submerg\u00e9e, par l\u2019\u00e9motion que ces mots d\u00e9gageaient. Une exp\u00e9rience magnifique.<\/p>\n\n\n\n<p class=\"wp-block-paragraph\"><em>&#8220;&#8230;Et entre autres parce qu&#8217;elle s&#8217;est \u00e9mancip\u00e9e de toute forme de culture l\u00e9gitime. Alors que moi, quand je repense \u00e0 mon adolescence, je me demande pourquoi j&#8217;ai pass\u00e9 mon temps \u00e0 r\u00e9viser mes go\u00fbts culturels pour les rendre acceptables. Pourquoi j&#8217;ai effac\u00e9 de mon r\u00e9pertoire&#8230; Jean-Jacques Goldman, Francis Cabrel, La Compagnie cr\u00e9ole&#8230; Bon, La Compagnie cr\u00e9ole, \u00e7a je sais. Pourquoi Daniel Balavoine et le karaok\u00e9 \u00e9taient si peu fr\u00e9quentables. Du coup, j&#8217;ai de la peine \u00e0 regarder l&#8217;adolescent que j&#8217;\u00e9tais en me disant que j&#8217;avais pas la libert\u00e9 d&#8217;aimer ce qui me touchait vraiment. On pourrait dire que tu as \u00e9chapp\u00e9 \u00e0 \u00e7a gr\u00e2ce \u00e0 ta grand-m\u00e8re qui \u00e9tait un mod\u00e8le de kitch.&#8221;<\/em><\/p>\n\n\n\n<p class=\"wp-block-paragraph\" style=\"font-size:15px\"><strong><mark style=\"background-color:rgba(0, 0, 0, 0)\" class=\"has-inline-color has-colibri-color-4-color\">Cr\u00e9\u00e9e le 13 octobre 2020 \u00e0 la Com\u00e9die de Saint-\u00c9tienne &#8211; Centre dramatique national<\/mark><\/strong><\/p>\n","protected":false},"excerpt":{"rendered":"<p>Dans cette pi\u00e8ce singuli\u00e8re, la boule \u00e0 neige n\u2019est peut-\u00eatre qu\u2019un pr\u00e9texte. Install\u00e9s dans un petit amphith\u00e9\u00e2tre de bois, entour\u00e9s de boules \u00e0 neige diss\u00e9min\u00e9es ici et l\u00e0, deux com\u00e9diens \u00e9changent au centre de cet espace. L\u2019un est historien, l\u2019autre metteur en sc\u00e8ne. S\u2019ils parlent effectivement des boules \u00e0 neige, leur dialogue explore surtout des [&hellip;]<\/p>\n","protected":false},"author":1,"featured_media":17257,"comment_status":"closed","ping_status":"open","sticky":false,"template":"","format":"standard","meta":{"_jetpack_newsletter_access":"","_jetpack_dont_email_post_to_subs":false,"_jetpack_newsletter_tier_id":0,"_jetpack_memberships_contains_paywalled_content":false,"_jetpack_feature_clip_id":0,"_jetpack_memberships_contains_paid_content":false,"footnotes":"","jetpack_post_was_ever_published":false},"categories":[268],"tags":[112,47,48],"class_list":["post-17174","post","type-post","status-publish","format-standard","has-post-thumbnail","hentry","category-comedie-de-geneve","tag-history","tag-humour","tag-weirdness"],"jetpack_sharing_enabled":true,"jetpack_featured_media_url":"https:\/\/i0.wp.com\/redheadwithabrain.ch\/wp-content\/uploads\/2024\/12\/voicu-hora-iu-JdpXsSWVNFA-unsplash-scaled.jpg?fit=2560%2C1707&ssl=1","_links":{"self":[{"href":"https:\/\/redheadwithabrain.ch\/index.php\/wp-json\/wp\/v2\/posts\/17174","targetHints":{"allow":["GET"]}}],"collection":[{"href":"https:\/\/redheadwithabrain.ch\/index.php\/wp-json\/wp\/v2\/posts"}],"about":[{"href":"https:\/\/redheadwithabrain.ch\/index.php\/wp-json\/wp\/v2\/types\/post"}],"author":[{"embeddable":true,"href":"https:\/\/redheadwithabrain.ch\/index.php\/wp-json\/wp\/v2\/users\/1"}],"replies":[{"embeddable":true,"href":"https:\/\/redheadwithabrain.ch\/index.php\/wp-json\/wp\/v2\/comments?post=17174"}],"version-history":[{"count":14,"href":"https:\/\/redheadwithabrain.ch\/index.php\/wp-json\/wp\/v2\/posts\/17174\/revisions"}],"predecessor-version":[{"id":20179,"href":"https:\/\/redheadwithabrain.ch\/index.php\/wp-json\/wp\/v2\/posts\/17174\/revisions\/20179"}],"wp:featuredmedia":[{"embeddable":true,"href":"https:\/\/redheadwithabrain.ch\/index.php\/wp-json\/wp\/v2\/media\/17257"}],"wp:attachment":[{"href":"https:\/\/redheadwithabrain.ch\/index.php\/wp-json\/wp\/v2\/media?parent=17174"}],"wp:term":[{"taxonomy":"category","embeddable":true,"href":"https:\/\/redheadwithabrain.ch\/index.php\/wp-json\/wp\/v2\/categories?post=17174"},{"taxonomy":"post_tag","embeddable":true,"href":"https:\/\/redheadwithabrain.ch\/index.php\/wp-json\/wp\/v2\/tags?post=17174"}],"curies":[{"name":"wp","href":"https:\/\/api.w.org\/{rel}","templated":true}]}}