{"id":172,"date":"2021-01-02T16:49:40","date_gmt":"2021-01-02T16:49:40","guid":{"rendered":"https:\/\/redheadwithabrain.ch\/?p=172"},"modified":"2021-04-19T19:38:54","modified_gmt":"2021-04-19T17:38:54","slug":"la-petite-bijou-patrick-modiano","status":"publish","type":"post","link":"https:\/\/redheadwithabrain.ch\/index.php\/2021\/01\/02\/la-petite-bijou-patrick-modiano\/","title":{"rendered":"La Petite Bijou &#8211; Patrick Modiano (2001)"},"content":{"rendered":"\n<p class=\"has-text-align-left wp-block-paragraph\">Je ne me souviens plus si j&#8217;ai d\u00e9j\u00e0 crois\u00e9 Modiano dans ma vie. Ici une triste ambiance tranquille. Une adolescente d\u00e9prim\u00e9e, en qu\u00eate de son enfance, de sa m\u00e8re, d&#8217;elle-m\u00eame. Des rencontres&#8230;sa m\u00e8re qui serait pourtant morte, une pharmacienne, un traducteur qui parle le persan des prairies, une langue o\u00f9 l&#8217;on retrouve &#8220;la caresse du vent dans les herbes et le bruissement des cascades&#8221;. Je ne sais dire si j&#8217;ai aim\u00e9 ou pas. J&#8217;y ai surtout aim\u00e9 Paris, ses rues, son m\u00e9tro, cette ville qui est pleine de souvenirs.<\/p>\n\n\n\n<p class=\"has-text-align-left wp-block-paragraph\"><em>&#8220;Souvent, quelqu&#8217;un reste pr\u00e9sent tout le long de votre vie, sans que vous parveniez jamais \u00e0 le d\u00e9courager. Il vous aura connu dans les moments fastes, mais, plus tard, il vous suivra dans la d\u00e9bine, toujours aussi admiratif, le seul \u00e0 vous faire encore cr\u00e9dit, \u00e0 \u00e9prouver pour vous ce qu&#8217;on appelle la foi du charbonnier.&#8221;<\/em><\/p>\n","protected":false},"excerpt":{"rendered":"<p>Je ne me souviens plus si j&#8217;ai d\u00e9j\u00e0 crois\u00e9 Modiano dans ma vie. Ici une triste ambiance tranquille. Une adolescente d\u00e9prim\u00e9e, en qu\u00eate de son enfance, de sa m\u00e8re, d&#8217;elle-m\u00eame. Des rencontres&#8230;sa m\u00e8re qui serait pourtant morte, une pharmacienne, un traducteur qui parle le persan des prairies, une langue o\u00f9 l&#8217;on retrouve &#8220;la caresse du [&hellip;]<\/p>\n","protected":false},"author":1,"featured_media":174,"comment_status":"closed","ping_status":"open","sticky":false,"template":"","format":"standard","meta":{"_jetpack_newsletter_access":"","_jetpack_dont_email_post_to_subs":false,"_jetpack_newsletter_tier_id":0,"_jetpack_memberships_contains_paywalled_content":false,"_jetpack_feature_clip_id":0,"_jetpack_memberships_contains_paid_content":false,"footnotes":"","jetpack_post_was_ever_published":false},"categories":[2,16],"tags":[20,51,45],"class_list":["post-172","post","type-post","status-publish","format-standard","has-post-thumbnail","hentry","category-book","category-challenge-riquiqui-2021","tag-adolescence","tag-identity","tag-mothers"],"jetpack_sharing_enabled":true,"jetpack_featured_media_url":"https:\/\/i0.wp.com\/redheadwithabrain.ch\/wp-content\/uploads\/2021\/01\/leonard-cotte-4QbiQKgnEww-unsplash-scaled.jpg?fit=2560%2C1707&ssl=1","_links":{"self":[{"href":"https:\/\/redheadwithabrain.ch\/index.php\/wp-json\/wp\/v2\/posts\/172","targetHints":{"allow":["GET"]}}],"collection":[{"href":"https:\/\/redheadwithabrain.ch\/index.php\/wp-json\/wp\/v2\/posts"}],"about":[{"href":"https:\/\/redheadwithabrain.ch\/index.php\/wp-json\/wp\/v2\/types\/post"}],"author":[{"embeddable":true,"href":"https:\/\/redheadwithabrain.ch\/index.php\/wp-json\/wp\/v2\/users\/1"}],"replies":[{"embeddable":true,"href":"https:\/\/redheadwithabrain.ch\/index.php\/wp-json\/wp\/v2\/comments?post=172"}],"version-history":[{"count":14,"href":"https:\/\/redheadwithabrain.ch\/index.php\/wp-json\/wp\/v2\/posts\/172\/revisions"}],"predecessor-version":[{"id":3721,"href":"https:\/\/redheadwithabrain.ch\/index.php\/wp-json\/wp\/v2\/posts\/172\/revisions\/3721"}],"wp:featuredmedia":[{"embeddable":true,"href":"https:\/\/redheadwithabrain.ch\/index.php\/wp-json\/wp\/v2\/media\/174"}],"wp:attachment":[{"href":"https:\/\/redheadwithabrain.ch\/index.php\/wp-json\/wp\/v2\/media?parent=172"}],"wp:term":[{"taxonomy":"category","embeddable":true,"href":"https:\/\/redheadwithabrain.ch\/index.php\/wp-json\/wp\/v2\/categories?post=172"},{"taxonomy":"post_tag","embeddable":true,"href":"https:\/\/redheadwithabrain.ch\/index.php\/wp-json\/wp\/v2\/tags?post=172"}],"curies":[{"name":"wp","href":"https:\/\/api.w.org\/{rel}","templated":true}]}}