{"id":17280,"date":"2024-12-11T23:28:08","date_gmt":"2024-12-11T22:28:08","guid":{"rendered":"https:\/\/redheadwithabrain.ch\/?p=17280"},"modified":"2024-12-28T04:30:38","modified_gmt":"2024-12-28T03:30:38","slug":"concert-de-noel-classes-de-la-maitrise-du-conservatoire-populaire-geneva-brass-temple-de-la-madeleine-2024","status":"publish","type":"post","link":"https:\/\/redheadwithabrain.ch\/index.php\/2024\/12\/11\/concert-de-noel-classes-de-la-maitrise-du-conservatoire-populaire-geneva-brass-temple-de-la-madeleine-2024\/","title":{"rendered":"Concert de No\u00ebl &#8211; Classes de la Ma\u00eetrise du Conservatoire populaire &amp; Geneva Brass &#8211; Temple de la Madeleine (2024)"},"content":{"rendered":"\n<p class=\"wp-block-paragraph\">Un charmant concert de No\u00ebl en famille au Temple de la Madeleine, r\u00e9unissant toutes les classes de la Ma\u00eetrise du Conservatoire, soit pr\u00e8s de 80 enfants habill\u00e9s de noir et blanc. Accompagnant leurs voix, le Geneva Brass, un quintette de cuivres genevois surnomm\u00e9 &#8220;l&#8217;\u00e9motion cuivr\u00e9e&#8221;. Bien que peu enthousiaste \u00e0 l&#8217;id\u00e9e d&#8217;\u00e9couter des cuivres, j\u2019ai \u00e9t\u00e9 agr\u00e9ablement surprise par la beaut\u00e9 des morceaux jou\u00e9s. L\u2019alliance entre les chants d\u2019enfants et les sonorit\u00e9s des cuivres s\u2019est r\u00e9v\u00e9l\u00e9e harmonieuse et \u00e9mouvante. Toujours un bonheur et une grande \u00e9motion d\u2019entendre les enfants chanter.<\/p>\n\n\n\n<p class=\"has-text-align-center wp-block-paragraph\"><strong><em>Ding Dong Merrily on High<\/em><\/strong><\/p>\n\n\n\n<p class=\"has-text-align-center wp-block-paragraph\"><em>Ding dong merrily on high,<br>In heav&#8217;n the bells are ringing:<br>Ding dong! verily the sky<br>Is riv&#8217;n with angel singing<br>Gloria Hosanna in excelsis!<\/em><\/p>\n\n\n\n<p class=\"has-text-align-center wp-block-paragraph\"><em>E&#8217;en so here below, below,<br>Let steeple bells be swungen,<br>And &#8220;Io, io, io!&#8221;<br>By priest and people sungen<br>Gloria Hosanna in excelsis!<\/em><\/p>\n\n\n\n<p class=\"has-text-align-center wp-block-paragraph\"><em>Pray you, dutifully prime<br>Your matin chime, ye ringers,<br>May you beautifully rhyme<br>Your eve&#8217;time song, ye singers<br>Gloria Hosanna in excelsis!<\/em><\/p>\n","protected":false},"excerpt":{"rendered":"<p>Un charmant concert de No\u00ebl en famille au Temple de la Madeleine, r\u00e9unissant toutes les classes de la Ma\u00eetrise du Conservatoire, soit pr\u00e8s de 80 enfants habill\u00e9s de noir et blanc. Accompagnant leurs voix, le Geneva Brass, un quintette de cuivres genevois surnomm\u00e9 &#8220;l&#8217;\u00e9motion cuivr\u00e9e&#8221;. Bien que peu enthousiaste \u00e0 l&#8217;id\u00e9e d&#8217;\u00e9couter des cuivres, j\u2019ai [&hellip;]<\/p>\n","protected":false},"author":1,"featured_media":17399,"comment_status":"closed","ping_status":"open","sticky":false,"template":"","format":"standard","meta":{"_jetpack_newsletter_access":"","_jetpack_dont_email_post_to_subs":false,"_jetpack_newsletter_tier_id":0,"_jetpack_memberships_contains_paywalled_content":false,"_jetpack_feature_clip_id":0,"_jetpack_memberships_contains_paid_content":false,"footnotes":"","jetpack_post_was_ever_published":false},"categories":[3],"tags":[42,168,105],"class_list":["post-17280","post","type-post","status-publish","format-standard","has-post-thumbnail","hentry","category-concerts","tag-childhood","tag-christmas","tag-joy"],"jetpack_sharing_enabled":true,"jetpack_featured_media_url":"https:\/\/i0.wp.com\/redheadwithabrain.ch\/wp-content\/uploads\/2024\/12\/alex-shuper-rFZ8_XmTqI4-unsplash-scaled.jpg?fit=1707%2C2560&ssl=1","_links":{"self":[{"href":"https:\/\/redheadwithabrain.ch\/index.php\/wp-json\/wp\/v2\/posts\/17280","targetHints":{"allow":["GET"]}}],"collection":[{"href":"https:\/\/redheadwithabrain.ch\/index.php\/wp-json\/wp\/v2\/posts"}],"about":[{"href":"https:\/\/redheadwithabrain.ch\/index.php\/wp-json\/wp\/v2\/types\/post"}],"author":[{"embeddable":true,"href":"https:\/\/redheadwithabrain.ch\/index.php\/wp-json\/wp\/v2\/users\/1"}],"replies":[{"embeddable":true,"href":"https:\/\/redheadwithabrain.ch\/index.php\/wp-json\/wp\/v2\/comments?post=17280"}],"version-history":[{"count":2,"href":"https:\/\/redheadwithabrain.ch\/index.php\/wp-json\/wp\/v2\/posts\/17280\/revisions"}],"predecessor-version":[{"id":17401,"href":"https:\/\/redheadwithabrain.ch\/index.php\/wp-json\/wp\/v2\/posts\/17280\/revisions\/17401"}],"wp:featuredmedia":[{"embeddable":true,"href":"https:\/\/redheadwithabrain.ch\/index.php\/wp-json\/wp\/v2\/media\/17399"}],"wp:attachment":[{"href":"https:\/\/redheadwithabrain.ch\/index.php\/wp-json\/wp\/v2\/media?parent=17280"}],"wp:term":[{"taxonomy":"category","embeddable":true,"href":"https:\/\/redheadwithabrain.ch\/index.php\/wp-json\/wp\/v2\/categories?post=17280"},{"taxonomy":"post_tag","embeddable":true,"href":"https:\/\/redheadwithabrain.ch\/index.php\/wp-json\/wp\/v2\/tags?post=17280"}],"curies":[{"name":"wp","href":"https:\/\/api.w.org\/{rel}","templated":true}]}}