{"id":17628,"date":"2025-01-07T14:44:11","date_gmt":"2025-01-07T13:44:11","guid":{"rendered":"https:\/\/redheadwithabrain.ch\/?p=17628"},"modified":"2025-01-08T14:44:23","modified_gmt":"2025-01-08T13:44:23","slug":"la-cop-53-antoine-jaquier-2019","status":"publish","type":"post","link":"https:\/\/redheadwithabrain.ch\/index.php\/2025\/01\/07\/la-cop-53-antoine-jaquier-2019\/","title":{"rendered":"La COP 53 &#8211; Antoine Jaquier (2019)"},"content":{"rendered":"\n<p class=\"wp-block-paragraph\">Nous sommes en 2050, et c&#8217;est la COP 53. La neutralit\u00e9 carbone est atteinte, mais comment ? Gr\u00e2ce aux Brigades vertes qui ont tu\u00e9 pas moins de cent cinquante politiciens peu motiv\u00e9s par l&#8217;environnement. Il s&#8217;agit selon eux &#8220;d&#8217;assassinats \u00e9cologiques cibl\u00e9s&#8221;. On d\u00e9couvre que la nature a \u00e9t\u00e9 pr\u00e9serv\u00e9e, que les gens ne circulent plus en voiture et que les smartphones ont disparu, le tout suite au plan Thunberg. Une petite nouvelle pleine d&#8217;humour.<\/p>\n\n\n\n<p class=\"wp-block-paragraph\"><em>&#8220;Depuis la disparition des smartphones, suite \u00e0 deux ann\u00e9es de d\u00e9pression, le niveau de bien-\u00eatre des habitants de la plan\u00e8te est remont\u00e9 plus haut qu\u2019avant l\u2019hyper-connectivit\u00e9. Les gens se d\u00e9lectent de ne plus subir la g\u00e9olocalisation et le harc\u00e8lement permanent. Seules les IA captives de la Toile fulminent de ne plus pouvoir nous interpeller. Il semble qu\u2019une heure de connexion quotidienne suffise \u00e0 notre mode vie.&#8221;<\/em><\/p>\n","protected":false},"excerpt":{"rendered":"<p>Nous sommes en 2050, et c&#8217;est la COP 53. La neutralit\u00e9 carbone est atteinte, mais comment ? Gr\u00e2ce aux Brigades vertes qui ont tu\u00e9 pas moins de cent cinquante politiciens peu motiv\u00e9s par l&#8217;environnement. Il s&#8217;agit selon eux &#8220;d&#8217;assassinats \u00e9cologiques cibl\u00e9s&#8221;. On d\u00e9couvre que la nature a \u00e9t\u00e9 pr\u00e9serv\u00e9e, que les gens ne circulent plus [&hellip;]<\/p>\n","protected":false},"author":1,"featured_media":17630,"comment_status":"closed","ping_status":"open","sticky":false,"template":"","format":"standard","meta":{"_jetpack_newsletter_access":"","_jetpack_dont_email_post_to_subs":false,"_jetpack_newsletter_tier_id":0,"_jetpack_memberships_contains_paywalled_content":false,"_jetpack_feature_clip_id":0,"_jetpack_memberships_contains_paid_content":false,"footnotes":"","jetpack_post_was_ever_published":false},"categories":[81],"tags":[178,74,47],"class_list":["post-17628","post","type-post","status-publish","format-standard","has-post-thumbnail","hentry","category-short-stories","tag-dystopia","tag-environment","tag-humour"],"jetpack_sharing_enabled":true,"jetpack_featured_media_url":"https:\/\/i0.wp.com\/redheadwithabrain.ch\/wp-content\/uploads\/2025\/01\/gioia-m-ypNbmJBuf8A-unsplash-scaled-e1736343898893.jpg?fit=1920%2C1545&ssl=1","_links":{"self":[{"href":"https:\/\/redheadwithabrain.ch\/index.php\/wp-json\/wp\/v2\/posts\/17628","targetHints":{"allow":["GET"]}}],"collection":[{"href":"https:\/\/redheadwithabrain.ch\/index.php\/wp-json\/wp\/v2\/posts"}],"about":[{"href":"https:\/\/redheadwithabrain.ch\/index.php\/wp-json\/wp\/v2\/types\/post"}],"author":[{"embeddable":true,"href":"https:\/\/redheadwithabrain.ch\/index.php\/wp-json\/wp\/v2\/users\/1"}],"replies":[{"embeddable":true,"href":"https:\/\/redheadwithabrain.ch\/index.php\/wp-json\/wp\/v2\/comments?post=17628"}],"version-history":[{"count":2,"href":"https:\/\/redheadwithabrain.ch\/index.php\/wp-json\/wp\/v2\/posts\/17628\/revisions"}],"predecessor-version":[{"id":17631,"href":"https:\/\/redheadwithabrain.ch\/index.php\/wp-json\/wp\/v2\/posts\/17628\/revisions\/17631"}],"wp:featuredmedia":[{"embeddable":true,"href":"https:\/\/redheadwithabrain.ch\/index.php\/wp-json\/wp\/v2\/media\/17630"}],"wp:attachment":[{"href":"https:\/\/redheadwithabrain.ch\/index.php\/wp-json\/wp\/v2\/media?parent=17628"}],"wp:term":[{"taxonomy":"category","embeddable":true,"href":"https:\/\/redheadwithabrain.ch\/index.php\/wp-json\/wp\/v2\/categories?post=17628"},{"taxonomy":"post_tag","embeddable":true,"href":"https:\/\/redheadwithabrain.ch\/index.php\/wp-json\/wp\/v2\/tags?post=17628"}],"curies":[{"name":"wp","href":"https:\/\/api.w.org\/{rel}","templated":true}]}}