{"id":18375,"date":"2025-03-23T12:06:57","date_gmt":"2025-03-23T11:06:57","guid":{"rendered":"https:\/\/redheadwithabrain.ch\/?p=18375"},"modified":"2025-03-26T14:07:54","modified_gmt":"2025-03-26T13:07:54","slug":"nos-esclaves-rts-2024","status":"publish","type":"post","link":"https:\/\/redheadwithabrain.ch\/index.php\/2025\/03\/23\/nos-esclaves-rts-2024\/","title":{"rendered":"Nos esclaves &#8211; RTS (2024)"},"content":{"rendered":"\n<p class=\"wp-block-paragraph\">Ce podcast commence par une d\u00e9claration de Doris Leuthard, alors pr\u00e9sidente de la Conf\u00e9d\u00e9ration, prononc\u00e9e en 2017, lorsqu&#8217;elle se trouvait au B\u00e9nin : &#8220;Je suis contente que la Suisse n&#8217;a jamais particip\u00e9 ni \u00e0 ces histoires d&#8217;esclavage ni \u00e0 la colonisation.&#8221; Eh bien, ce podcast montre tout le contraire. Bien que la Suisse n\u2019ait pas eu de colonies ni de flotte n\u00e9gri\u00e8re, ses marchands, financiers, colons et mercenaires ont activement particip\u00e9 \u00e0 la traite des Noirs et \u00e0 l\u2019exploitation esclavagiste. De tr\u00e8s jolies fortunes suisses ont \u00e9t\u00e9 b\u00e2ties avec l&#8217;argent de l&#8217;exploitation d&#8217;\u00eatres humains. Dans le dos des autorit\u00e9s ? Pas du tout, ce podcast montre que les autorit\u00e9s f\u00e9d\u00e9rales ont autoris\u00e9, voire encourag\u00e9 cette exploitation. Extr\u00eamement bien document\u00e9, ce podcast d\u00e9monte progressivement les croyances de cette Suisse toute blanche, et remet sur le tapis les cons\u00e9quences encore pr\u00e9sentes de l&#8217;esclavage. C&#8217;est vraiment int\u00e9ressant, et j\u2019esp\u00e8re que Doris Leuthard l\u2019a \u00e9galement \u00e9cout\u00e9.<\/p>\n\n\n\n<p class=\"wp-block-paragraph\"><em>&#8220;C&#8217;est important de dire qu&#8217;avec l&#8217;expansion europ\u00e9enne, elle va exporter aussi la notion de patriarcat et le capitalisme, en fait, c&#8217;est le capitalisme racial, va racialiser aussi le ventre des femmes. Donc, pendant qu&#8217;une femme blanche, elle va, \u00e0 partir de son ventre, il y aura la transmission de propri\u00e9t\u00e9, d&#8217;h\u00e9ritage, la femme noire, elle va garantir la p\u00e9rennisation de l&#8217;esclavage. C&#8217;est \u00e0 partir de son ventre. Et aussi l&#8217;\u00e9ducation de ces enfants, de garantir que cet enfant atteint un \u00e2ge productif, on va dire, c&#8217;est la responsabilit\u00e9 des femmes. Donc, on peut affirmer sans doute que l&#8217;esclavage \u00e9tait en premier lieu l&#8217;abus du corps des femmes. C&#8217;est le corps des femmes qui va \u00eatre le plus exploit\u00e9 dans tous ces syst\u00e8mes. Les corps des femmes et leurs enfants, leurs descendants.<\/em><\/p>\n\n\n\n<p class=\"wp-block-paragraph\" style=\"font-size:15px\"><strong><mark style=\"background-color:rgba(0, 0, 0, 0)\" class=\"has-inline-color has-colibri-color-4-color\">Huit \u00e9pisodes d&#8217;environ 45 minutes chacun<\/mark><\/strong><\/p>\n\n\n\n<p class=\"wp-block-paragraph\" style=\"font-size:15px\">\u00c9pisode 1. &#8220;La n\u00e9gresse d&#8217;Yverdon&#8221;<br>\u00c9pisode 2. Ce juteux commerce de la traite<br>\u00c9pisode 3. Les indiennes de Neuch\u00e2tel<br>\u00c9pisode 4. Les colons suisses du Br\u00e9sil<br>\u00c9pisode 5. Un conseil f\u00e9d\u00e9ral complice<br>\u00c9pisode 6. Fils d&#8217;esclave et conseiller national<br>\u00c9pisode 7. Les mercenaires suisses de la r\u00e9pression<br>\u00c9pisode 8. Les ombres de l&#8217;abolition<br><\/p>\n","protected":false},"excerpt":{"rendered":"<p>Ce podcast commence par une d\u00e9claration de Doris Leuthard, alors pr\u00e9sidente de la Conf\u00e9d\u00e9ration, prononc\u00e9e en 2017, lorsqu&#8217;elle se trouvait au B\u00e9nin : &#8220;Je suis contente que la Suisse n&#8217;a jamais particip\u00e9 ni \u00e0 ces histoires d&#8217;esclavage ni \u00e0 la colonisation.&#8221; Eh bien, ce podcast montre tout le contraire. Bien que la Suisse n\u2019ait pas [&hellip;]<\/p>\n","protected":false},"author":1,"featured_media":18376,"comment_status":"closed","ping_status":"open","sticky":false,"template":"","format":"standard","meta":{"_jetpack_newsletter_access":"","_jetpack_dont_email_post_to_subs":false,"_jetpack_newsletter_tier_id":0,"_jetpack_memberships_contains_paywalled_content":false,"_jetpack_feature_clip_id":0,"_jetpack_memberships_contains_paid_content":false,"footnotes":"","jetpack_post_was_ever_published":false},"categories":[76],"tags":[111,112,51],"class_list":["post-18375","post","type-post","status-publish","format-standard","has-post-thumbnail","hentry","category-podcasts","tag-abuse","tag-history","tag-identity"],"jetpack_sharing_enabled":true,"jetpack_featured_media_url":"https:\/\/i0.wp.com\/redheadwithabrain.ch\/wp-content\/uploads\/2025\/03\/roberta-sant-anna-jboNS0gzIIc-unsplash-scaled.jpg?fit=2560%2C1920&ssl=1","_links":{"self":[{"href":"https:\/\/redheadwithabrain.ch\/index.php\/wp-json\/wp\/v2\/posts\/18375","targetHints":{"allow":["GET"]}}],"collection":[{"href":"https:\/\/redheadwithabrain.ch\/index.php\/wp-json\/wp\/v2\/posts"}],"about":[{"href":"https:\/\/redheadwithabrain.ch\/index.php\/wp-json\/wp\/v2\/types\/post"}],"author":[{"embeddable":true,"href":"https:\/\/redheadwithabrain.ch\/index.php\/wp-json\/wp\/v2\/users\/1"}],"replies":[{"embeddable":true,"href":"https:\/\/redheadwithabrain.ch\/index.php\/wp-json\/wp\/v2\/comments?post=18375"}],"version-history":[{"count":5,"href":"https:\/\/redheadwithabrain.ch\/index.php\/wp-json\/wp\/v2\/posts\/18375\/revisions"}],"predecessor-version":[{"id":18413,"href":"https:\/\/redheadwithabrain.ch\/index.php\/wp-json\/wp\/v2\/posts\/18375\/revisions\/18413"}],"wp:featuredmedia":[{"embeddable":true,"href":"https:\/\/redheadwithabrain.ch\/index.php\/wp-json\/wp\/v2\/media\/18376"}],"wp:attachment":[{"href":"https:\/\/redheadwithabrain.ch\/index.php\/wp-json\/wp\/v2\/media?parent=18375"}],"wp:term":[{"taxonomy":"category","embeddable":true,"href":"https:\/\/redheadwithabrain.ch\/index.php\/wp-json\/wp\/v2\/categories?post=18375"},{"taxonomy":"post_tag","embeddable":true,"href":"https:\/\/redheadwithabrain.ch\/index.php\/wp-json\/wp\/v2\/tags?post=18375"}],"curies":[{"name":"wp","href":"https:\/\/api.w.org\/{rel}","templated":true}]}}