{"id":18479,"date":"2025-03-29T17:08:47","date_gmt":"2025-03-29T16:08:47","guid":{"rendered":"https:\/\/redheadwithabrain.ch\/?p=18479"},"modified":"2025-03-29T17:22:00","modified_gmt":"2025-03-29T16:22:00","slug":"le-retour-du-capitaine-nemo-benoit-peeters-francois-schuiten-2023","status":"publish","type":"post","link":"https:\/\/redheadwithabrain.ch\/index.php\/2025\/03\/29\/le-retour-du-capitaine-nemo-benoit-peeters-francois-schuiten-2023\/","title":{"rendered":"Le retour du capitaine Nemo &#8211; Beno\u00eet Peeters &amp; Fran\u00e7ois Schuiten (2023)"},"content":{"rendered":"\n<p class=\"wp-block-paragraph\">\u00c0 bord d&#8217;un engin bizarre, le Nauti-poulpe, \u00e0 la fois machine et cr\u00e9ature sous-marine, le capitaine Nemo, amn\u00e9sique, se laisse porter. Le Nauti-poulpe a l&#8217;air de savoir o\u00f9 il va. Une suite imagin\u00e9e \u00e0 partir du h\u00e9ros de Jules Verne, et surtout une excuse pour une s\u00e9rie de planches extraordinaires, des dessins magnifiques. On y trouve \u00e9galement quelques illustrations des chapitres de Paris au XXe si\u00e8cle, un roman posthume de Jules Verne, et un dossier. Tr\u00e8s joli, mais construit de fa\u00e7on un peu h\u00e9t\u00e9roclite. J&#8217;ai eu de la peine \u00e0 vraiment comprendre la r\u00e9flexion qui se cache derri\u00e8re.<\/p>\n\n\n\n<p class=\"wp-block-paragraph\"><em>&#8220;Il remonta la grande avenue et prit \u00e0 droite par ces all\u00e9es humides du bas cimeti\u00e8re; les arbres charg\u00e9s de neige pleuraient sur les tombeaux \u00e9clatants; les pierres verticales que la neige respectait, offraient seules aux regards le nom des morts.&#8221;<\/em><\/p>\n\n\n\n<figure class=\"wp-block-image size-large is-resized\"><img data-recalc-dims=\"1\" loading=\"lazy\" decoding=\"async\" width=\"771\" height=\"1024\" src=\"https:\/\/i0.wp.com\/redheadwithabrain.ch\/wp-content\/uploads\/2025\/03\/PXL_20250329_1615002332.jpg?resize=771%2C1024&#038;ssl=1\" alt=\"\" class=\"wp-image-18485\" style=\"width:840px;height:auto\" srcset=\"https:\/\/i0.wp.com\/redheadwithabrain.ch\/wp-content\/uploads\/2025\/03\/PXL_20250329_1615002332-scaled.jpg?resize=771%2C1024&amp;ssl=1 771w, https:\/\/i0.wp.com\/redheadwithabrain.ch\/wp-content\/uploads\/2025\/03\/PXL_20250329_1615002332-scaled.jpg?resize=226%2C300&amp;ssl=1 226w, https:\/\/i0.wp.com\/redheadwithabrain.ch\/wp-content\/uploads\/2025\/03\/PXL_20250329_1615002332-scaled.jpg?resize=768%2C1020&amp;ssl=1 768w, https:\/\/i0.wp.com\/redheadwithabrain.ch\/wp-content\/uploads\/2025\/03\/PXL_20250329_1615002332-scaled.jpg?resize=1157%2C1536&amp;ssl=1 1157w, https:\/\/i0.wp.com\/redheadwithabrain.ch\/wp-content\/uploads\/2025\/03\/PXL_20250329_1615002332-scaled.jpg?resize=1542%2C2048&amp;ssl=1 1542w, https:\/\/i0.wp.com\/redheadwithabrain.ch\/wp-content\/uploads\/2025\/03\/PXL_20250329_1615002332-scaled.jpg?w=1928&amp;ssl=1 1928w\" sizes=\"auto, (max-width: 771px) 100vw, 771px\" \/><\/figure>\n","protected":false},"excerpt":{"rendered":"<p>\u00c0 bord d&#8217;un engin bizarre, le Nauti-poulpe, \u00e0 la fois machine et cr\u00e9ature sous-marine, le capitaine Nemo, amn\u00e9sique, se laisse porter. Le Nauti-poulpe a l&#8217;air de savoir o\u00f9 il va. Une suite imagin\u00e9e \u00e0 partir du h\u00e9ros de Jules Verne, et surtout une excuse pour une s\u00e9rie de planches extraordinaires, des dessins magnifiques. On y [&hellip;]<\/p>\n","protected":false},"author":1,"featured_media":18483,"comment_status":"closed","ping_status":"open","sticky":false,"template":"","format":"standard","meta":{"_jetpack_newsletter_access":"","_jetpack_dont_email_post_to_subs":false,"_jetpack_newsletter_tier_id":0,"_jetpack_memberships_contains_paywalled_content":false,"_jetpack_feature_clip_id":0,"_jetpack_memberships_contains_paid_content":false,"footnotes":"","jetpack_post_was_ever_published":false},"categories":[271],"tags":[218,54,83],"class_list":["post-18479","post","type-post","status-publish","format-standard","has-post-thumbnail","hentry","category-graphic-2025","tag-science","tag-solitude","tag-water"],"jetpack_sharing_enabled":true,"jetpack_featured_media_url":"https:\/\/i0.wp.com\/redheadwithabrain.ch\/wp-content\/uploads\/2025\/03\/julia-kadel-x94XQoNWMJc-unsplash-scaled.jpg?fit=2560%2C1730&ssl=1","_links":{"self":[{"href":"https:\/\/redheadwithabrain.ch\/index.php\/wp-json\/wp\/v2\/posts\/18479","targetHints":{"allow":["GET"]}}],"collection":[{"href":"https:\/\/redheadwithabrain.ch\/index.php\/wp-json\/wp\/v2\/posts"}],"about":[{"href":"https:\/\/redheadwithabrain.ch\/index.php\/wp-json\/wp\/v2\/types\/post"}],"author":[{"embeddable":true,"href":"https:\/\/redheadwithabrain.ch\/index.php\/wp-json\/wp\/v2\/users\/1"}],"replies":[{"embeddable":true,"href":"https:\/\/redheadwithabrain.ch\/index.php\/wp-json\/wp\/v2\/comments?post=18479"}],"version-history":[{"count":4,"href":"https:\/\/redheadwithabrain.ch\/index.php\/wp-json\/wp\/v2\/posts\/18479\/revisions"}],"predecessor-version":[{"id":18486,"href":"https:\/\/redheadwithabrain.ch\/index.php\/wp-json\/wp\/v2\/posts\/18479\/revisions\/18486"}],"wp:featuredmedia":[{"embeddable":true,"href":"https:\/\/redheadwithabrain.ch\/index.php\/wp-json\/wp\/v2\/media\/18483"}],"wp:attachment":[{"href":"https:\/\/redheadwithabrain.ch\/index.php\/wp-json\/wp\/v2\/media?parent=18479"}],"wp:term":[{"taxonomy":"category","embeddable":true,"href":"https:\/\/redheadwithabrain.ch\/index.php\/wp-json\/wp\/v2\/categories?post=18479"},{"taxonomy":"post_tag","embeddable":true,"href":"https:\/\/redheadwithabrain.ch\/index.php\/wp-json\/wp\/v2\/tags?post=18479"}],"curies":[{"name":"wp","href":"https:\/\/api.w.org\/{rel}","templated":true}]}}