{"id":18532,"date":"2025-04-17T17:39:44","date_gmt":"2025-04-17T15:39:44","guid":{"rendered":"https:\/\/redheadwithabrain.ch\/?p=18532"},"modified":"2025-04-22T09:55:35","modified_gmt":"2025-04-22T07:55:35","slug":"a-lombre-des-jeunes-filles-en-fleur-marcel-proust-1919","status":"publish","type":"post","link":"https:\/\/redheadwithabrain.ch\/index.php\/2025\/04\/17\/a-lombre-des-jeunes-filles-en-fleur-marcel-proust-1919\/","title":{"rendered":"A l&#8217;ombre des jeunes filles en fleur &#8211; Marcel Proust (1919)"},"content":{"rendered":"\n<p class=\"wp-block-paragraph\">Ce second volume de La Recherche est divis\u00e9 en deux histoires distinctes. La premi\u00e8re, Autour de Mme Swann, raconte les \u00e9mois amoureux du narrateur pour Gilberte Swann et les d\u00e9ceptions qui les accompagnent. La seconde partie, Noms de pays : Le pays, nous emm\u00e8ne \u00e0 Balbec, station baln\u00e9aire o\u00f9 le narrateur passe plusieurs mois avec sa grand-m\u00e8re et o\u00f9 il rencontre un groupe d&#8217;adolescentes, dont Albertine, que nous retrouverons. Ce roman montre le narrateur grandir et s&#8217;interroger sur l&#8217;amour et sa passion pour les arts. L&#8217;analyse de la soci\u00e9t\u00e9 de l&#8217;\u00e9poque, avec ses diff\u00e9rentes castes, ses conventions et obligations, est approfondie, de m\u00eame que l&#8217;analyse des relations sentimentales au sein de cette soci\u00e9t\u00e9. Bien que riche en descriptions, l&#8217;intrigue est plut\u00f4t calme. Proust est capable de d\u00e9crire le couteau et la serviette pos\u00e9s sur la table de la salle \u00e0 manger ou les pinceaux du peintre Elstir sur plusieurs pages. L&#8217;\u00e9criture est magnifique, mais je me suis parfois ennuy\u00e9e et ai trouv\u00e9 la lecture laborieuse. Peut-\u00eatre est-ce juste mon \u00e9tat d&#8217;\u00e2me du moment.<\/p>\n\n\n\n<p class=\"wp-block-paragraph\"><em>&#8220;Rien, au premier aspect, ne faisait plus contraste avec Mme Swann qui \u00e9tait brune que cette jeune fille \u00e0 la chevelure rousse, \u00e0 la peau dor\u00e9e. Mais au bout d&#8217;un instant on reconnaissait en Gilberte bien des traits &#8211; par exemple le nez arr\u00eat\u00e9 avec une brusque et infaillible d\u00e9cision par le sculpteur invisible qui travaille de son ciseau pour plusieurs g\u00e9n\u00e9rations, l&#8217;expression, les mouvements de sa m\u00e8re ; pour prendre une comparaison dans un autre art, elle avait l&#8217;air d&#8217;un portrait peu ressemblant encore de Mme Swann que le peintre par un caprice de coloriste, e\u00fbt fait poser \u00e0 demi d\u00e9guis\u00e9e, pr\u00eate \u00e0 se rendre \u00e0 un d\u00eener de &#8220;t\u00eates&#8221;, en V\u00e9nitienne. Et comme elle n&#8217;avait pas qu&#8217;une perruque blonde, mais que tout atome sombre avait \u00e9t\u00e9 expuls\u00e9 de sa chair laquelle, d\u00e9v\u00eatue de ses voiles bruns, semblait plus nue, recouverte seulement des rayons d\u00e9gag\u00e9s par un soleil int\u00e9rieur, le grimage n&#8217;\u00e9tait pas que superficiel, mais incarn\u00e9 ; Gilberte avait l&#8217;air de figurer quelque animal fabuleux, ou de porter un travesti mythologique. Cette peau rousse c&#8217;\u00e9tait celle de son p\u00e8re au point que la nature semblait avoir eu, quand Gilberte avait \u00e9t\u00e9 cr\u00e9\u00e9e, \u00e0 r\u00e9soudre le probl\u00e8me de refaire peu \u00e0 peu Mme Swann, en n&#8217;ayant \u00e0 sa disposition comme mati\u00e8re, que la peau de M. Swann. Et la nature l&#8217;avait utilis\u00e9e parfaitement, comme un ma\u00eetre huchier qui tient \u00e0 laisser apparents le grain, les n\u0153uds du bois. Dans la figure de Gilberte, au coin du nez d&#8217;Odette parfaitement reproduit, la peau se soulevait pour garder intacts les deux grains de beaut\u00e9 de M. Swann. C&#8217;\u00e9tait une nouvelle vari\u00e9t\u00e9 de Mme Swann qui \u00e9tait obtenue l\u00e0, \u00e0 c\u00f4t\u00e9 d&#8217;elle, comme un lilas blanc pr\u00e8s d&#8217;un lilas violet.&#8221;<\/em><\/p>\n","protected":false},"excerpt":{"rendered":"<p>Ce second volume de La Recherche est divis\u00e9 en deux histoires distinctes. La premi\u00e8re, Autour de Mme Swann, raconte les \u00e9mois amoureux du narrateur pour Gilberte Swann et les d\u00e9ceptions qui les accompagnent. La seconde partie, Noms de pays : Le pays, nous emm\u00e8ne \u00e0 Balbec, station baln\u00e9aire o\u00f9 le narrateur passe plusieurs mois avec [&hellip;]<\/p>\n","protected":false},"author":1,"featured_media":18678,"comment_status":"closed","ping_status":"open","sticky":false,"template":"","format":"standard","meta":{"_jetpack_newsletter_access":"","_jetpack_dont_email_post_to_subs":false,"_jetpack_newsletter_tier_id":0,"_jetpack_memberships_contains_paywalled_content":false,"_jetpack_feature_clip_id":0,"_jetpack_memberships_contains_paid_content":false,"footnotes":"","jetpack_post_was_ever_published":false},"categories":[270],"tags":[42,98,99],"class_list":["post-18532","post","type-post","status-publish","format-standard","has-post-thumbnail","hentry","category-books-2025","tag-childhood","tag-life","tag-relationships"],"jetpack_sharing_enabled":true,"jetpack_featured_media_url":"https:\/\/i0.wp.com\/redheadwithabrain.ch\/wp-content\/uploads\/2025\/04\/florian-cario-rADjAq4rE6k-unsplash-scaled.jpg?fit=1707%2C2560&ssl=1","_links":{"self":[{"href":"https:\/\/redheadwithabrain.ch\/index.php\/wp-json\/wp\/v2\/posts\/18532","targetHints":{"allow":["GET"]}}],"collection":[{"href":"https:\/\/redheadwithabrain.ch\/index.php\/wp-json\/wp\/v2\/posts"}],"about":[{"href":"https:\/\/redheadwithabrain.ch\/index.php\/wp-json\/wp\/v2\/types\/post"}],"author":[{"embeddable":true,"href":"https:\/\/redheadwithabrain.ch\/index.php\/wp-json\/wp\/v2\/users\/1"}],"replies":[{"embeddable":true,"href":"https:\/\/redheadwithabrain.ch\/index.php\/wp-json\/wp\/v2\/comments?post=18532"}],"version-history":[{"count":6,"href":"https:\/\/redheadwithabrain.ch\/index.php\/wp-json\/wp\/v2\/posts\/18532\/revisions"}],"predecessor-version":[{"id":18663,"href":"https:\/\/redheadwithabrain.ch\/index.php\/wp-json\/wp\/v2\/posts\/18532\/revisions\/18663"}],"wp:featuredmedia":[{"embeddable":true,"href":"https:\/\/redheadwithabrain.ch\/index.php\/wp-json\/wp\/v2\/media\/18678"}],"wp:attachment":[{"href":"https:\/\/redheadwithabrain.ch\/index.php\/wp-json\/wp\/v2\/media?parent=18532"}],"wp:term":[{"taxonomy":"category","embeddable":true,"href":"https:\/\/redheadwithabrain.ch\/index.php\/wp-json\/wp\/v2\/categories?post=18532"},{"taxonomy":"post_tag","embeddable":true,"href":"https:\/\/redheadwithabrain.ch\/index.php\/wp-json\/wp\/v2\/tags?post=18532"}],"curies":[{"name":"wp","href":"https:\/\/api.w.org\/{rel}","templated":true}]}}