{"id":18603,"date":"2025-04-14T11:39:21","date_gmt":"2025-04-14T09:39:21","guid":{"rendered":"https:\/\/redheadwithabrain.ch\/?p=18603"},"modified":"2025-04-14T15:41:41","modified_gmt":"2025-04-14T13:41:41","slug":"mato-grosso-ian-manook-2017","status":"publish","type":"post","link":"https:\/\/redheadwithabrain.ch\/index.php\/2025\/04\/14\/mato-grosso-ian-manook-2017\/","title":{"rendered":"Mato Grosso &#8211; Ian Manook (2017)"},"content":{"rendered":"\n<p class=\"wp-block-paragraph\">Apr\u00e8s trente ans d&#8217;absence, Haret revient au Br\u00e9sil, invit\u00e9 \u00e0 pr\u00e9senter son livre, un roman qui se d\u00e9roule dans la r\u00e9gion du Mato Grosso. Ce retour tant attendu prend rapidement une tournure inattendue : \u00e0 peine arriv\u00e9, il est confront\u00e9 \u00e0 une r\u00e9alit\u00e9 bien diff\u00e9rente de ce qu\u2019il imaginait. Il d\u00e9couvre non seulement les cons\u00e9quences de son d\u00e9part trois d\u00e9cennies plus t\u00f4t, mais aussi l&#8217;impact inattendu de son \u0153uvre sur ceux qui y reconnaissent leur propre histoire. J&#8217;avais ador\u00e9 la trilogie des <em>Yeruldelgger<\/em> pour son souffle, son intensit\u00e9 et la richesse de son univers. Ce nouveau roman est diff\u00e9rent dans le ton et le rythme, mais je retrouve malgr\u00e9 tout ce qui m\u2019avait tant plu chez Ian Manook. La construction narrative est particuli\u00e8rement r\u00e9ussie : un r\u00e9cit ench\u00e2ss\u00e9 m\u00ealant pass\u00e9 et pr\u00e9sent, o\u00f9 le roman dans le roman soul\u00e8ve des questions fascinantes sur la fronti\u00e8re entre fiction et r\u00e9alit\u00e9, sur la responsabilit\u00e9 de l\u2019auteur, et sur la place qu\u2019occupe le narrateur dans tout cela. Une lecture prenante et intrigante.<\/p>\n\n\n\n<p class=\"wp-block-paragraph\"><em>&#8220;Dans ma jeunesse tumultueuse et au bout de ces deux ans de voyage, comme une d\u00e9gringolade en panique \u00e0 travers l&#8217;oc\u00e9an et les Am\u00e9riques, Ang\u00e8le ressemble au premier sable chaud o\u00f9 la mer m&#8217;\u00e9choue et qui me donne \u00e0 la fois l&#8217;exp\u00e9rience et de l&#8217;\u00eele et des vagues. Ou bien \u00e0 une ancre plant\u00e9e dans les eaux claires et que chatouilleront des poissons apprivois\u00e9s. Cette ancre dont la cha\u00eene va casser ou que, m\u00fb par quelque suicidaire habitude, j&#8217;aurai lentement remont\u00e9e. \u00c0 moins que j&#8217;aie toujours pris garde \u00e0 ce qu&#8217;elle ne touche jamais tout \u00e0 fait le fond, donnant \u00e0 mes d\u00e9parts des courants de d\u00e9rive.&#8221;<\/em><\/p>\n","protected":false},"excerpt":{"rendered":"<p>Apr\u00e8s trente ans d&#8217;absence, Haret revient au Br\u00e9sil, invit\u00e9 \u00e0 pr\u00e9senter son livre, un roman qui se d\u00e9roule dans la r\u00e9gion du Mato Grosso. Ce retour tant attendu prend rapidement une tournure inattendue : \u00e0 peine arriv\u00e9, il est confront\u00e9 \u00e0 une r\u00e9alit\u00e9 bien diff\u00e9rente de ce qu\u2019il imaginait. Il d\u00e9couvre non seulement les cons\u00e9quences [&hellip;]<\/p>\n","protected":false},"author":1,"featured_media":18604,"comment_status":"closed","ping_status":"open","sticky":false,"template":"","format":"standard","meta":{"_jetpack_newsletter_access":"","_jetpack_dont_email_post_to_subs":false,"_jetpack_newsletter_tier_id":0,"_jetpack_memberships_contains_paywalled_content":false,"_jetpack_feature_clip_id":0,"_jetpack_memberships_contains_paid_content":false,"footnotes":"","jetpack_post_was_ever_published":false},"categories":[270,276],"tags":[59,87,19],"class_list":["post-18603","post","type-post","status-publish","format-standard","has-post-thumbnail","hentry","category-books-2025","category-challenge-solidaire-2025","tag-crime","tag-lies","tag-love"],"jetpack_sharing_enabled":true,"jetpack_featured_media_url":"https:\/\/i0.wp.com\/redheadwithabrain.ch\/wp-content\/uploads\/2025\/04\/zdenek-machacek-yj8J3siIzqw-unsplash-scaled.jpg?fit=2560%2C2007&ssl=1","_links":{"self":[{"href":"https:\/\/redheadwithabrain.ch\/index.php\/wp-json\/wp\/v2\/posts\/18603","targetHints":{"allow":["GET"]}}],"collection":[{"href":"https:\/\/redheadwithabrain.ch\/index.php\/wp-json\/wp\/v2\/posts"}],"about":[{"href":"https:\/\/redheadwithabrain.ch\/index.php\/wp-json\/wp\/v2\/types\/post"}],"author":[{"embeddable":true,"href":"https:\/\/redheadwithabrain.ch\/index.php\/wp-json\/wp\/v2\/users\/1"}],"replies":[{"embeddable":true,"href":"https:\/\/redheadwithabrain.ch\/index.php\/wp-json\/wp\/v2\/comments?post=18603"}],"version-history":[{"count":4,"href":"https:\/\/redheadwithabrain.ch\/index.php\/wp-json\/wp\/v2\/posts\/18603\/revisions"}],"predecessor-version":[{"id":18608,"href":"https:\/\/redheadwithabrain.ch\/index.php\/wp-json\/wp\/v2\/posts\/18603\/revisions\/18608"}],"wp:featuredmedia":[{"embeddable":true,"href":"https:\/\/redheadwithabrain.ch\/index.php\/wp-json\/wp\/v2\/media\/18604"}],"wp:attachment":[{"href":"https:\/\/redheadwithabrain.ch\/index.php\/wp-json\/wp\/v2\/media?parent=18603"}],"wp:term":[{"taxonomy":"category","embeddable":true,"href":"https:\/\/redheadwithabrain.ch\/index.php\/wp-json\/wp\/v2\/categories?post=18603"},{"taxonomy":"post_tag","embeddable":true,"href":"https:\/\/redheadwithabrain.ch\/index.php\/wp-json\/wp\/v2\/tags?post=18603"}],"curies":[{"name":"wp","href":"https:\/\/api.w.org\/{rel}","templated":true}]}}