{"id":18816,"date":"2025-05-21T08:28:29","date_gmt":"2025-05-21T06:28:29","guid":{"rendered":"https:\/\/redheadwithabrain.ch\/?p=18816"},"modified":"2025-05-29T18:49:22","modified_gmt":"2025-05-29T16:49:22","slug":"partir-un-jour-amelie-bonnin-2025","status":"publish","type":"post","link":"https:\/\/redheadwithabrain.ch\/index.php\/2025\/05\/21\/partir-un-jour-amelie-bonnin-2025\/","title":{"rendered":"Partir un jour &#8211; Am\u00e9lie Bonnin (2025)"},"content":{"rendered":"\n<p class=\"wp-block-paragraph\">C\u00e9cile, cheffe r\u00e9v\u00e9l\u00e9e par l&#8217;\u00e9mission Top Chef, s\u2019appr\u00eate \u00e0 ouvrir un restaurant avec son compagnon. Mais un infarctus du p\u00e8re la force \u00e0 revenir dans son village natal, o\u00f9 elle retrouve son amour de jeunesse, Rapha\u00ebl, et r\u00e9alise qu&#8217;elle est enceinte. Ce film est ouvre le festival de Cannes en 2025. Il prend la forme d&#8217;une com\u00e9die musicale avec Juliette Armanet et Bastien Bouillon. Les parents de C\u00e9cile, interpr\u00e9t\u00e9s par Fran\u00e7ois Rollin et Dominique Blanc, sont excellents. Ce petit moment feel-good, dr\u00f4le et tendre, nous parle d&#8217;une situation que nous avons tous probablement d\u00e9j\u00e0 v\u00e9cue et \u00e0 laquelle il n&#8217;y a souvent pas de solution facile. Le <a href=\"https:\/\/redheadwithabrain.ch\/index.php\/2025\/05\/19\/partir-un-jour-amelie-bonnin-2021\/\">court-m\u00e9trage<\/a> du m\u00eame nom est \u00e9galement \u00e0 regarder en parall\u00e8le du film.<\/p>\n\n\n\n<p class=\"has-text-align-center wp-block-paragraph\"><em>&#8220;Partir un jour sans retour<br>Effacer notre amour<br>Sans se retourner<br>Ne pas regretter<br>Garder les instants qu&#8217;on a vol\u00e9s&#8221;<\/em><\/p>\n","protected":false},"excerpt":{"rendered":"<p>C\u00e9cile, cheffe r\u00e9v\u00e9l\u00e9e par l&#8217;\u00e9mission Top Chef, s\u2019appr\u00eate \u00e0 ouvrir un restaurant avec son compagnon. Mais un infarctus du p\u00e8re la force \u00e0 revenir dans son village natal, o\u00f9 elle retrouve son amour de jeunesse, Rapha\u00ebl, et r\u00e9alise qu&#8217;elle est enceinte. Ce film est ouvre le festival de Cannes en 2025. Il prend la forme [&hellip;]<\/p>\n","protected":false},"author":1,"featured_media":18836,"comment_status":"closed","ping_status":"open","sticky":false,"template":"","format":"standard","meta":{"_jetpack_newsletter_access":"","_jetpack_dont_email_post_to_subs":false,"_jetpack_newsletter_tier_id":0,"_jetpack_memberships_contains_paywalled_content":false,"_jetpack_feature_clip_id":0,"_jetpack_memberships_contains_paid_content":false,"footnotes":"","jetpack_post_was_ever_published":false},"categories":[273],"tags":[98,19,188],"class_list":["post-18816","post","type-post","status-publish","format-standard","has-post-thumbnail","hentry","category-films-2025","tag-life","tag-love","tag-regret"],"jetpack_sharing_enabled":true,"jetpack_featured_media_url":"https:\/\/i0.wp.com\/redheadwithabrain.ch\/wp-content\/uploads\/2025\/05\/adrien-fu-K8UWmjb2JLk-unsplash-scaled.jpg?fit=2560%2C1920&ssl=1","_links":{"self":[{"href":"https:\/\/redheadwithabrain.ch\/index.php\/wp-json\/wp\/v2\/posts\/18816","targetHints":{"allow":["GET"]}}],"collection":[{"href":"https:\/\/redheadwithabrain.ch\/index.php\/wp-json\/wp\/v2\/posts"}],"about":[{"href":"https:\/\/redheadwithabrain.ch\/index.php\/wp-json\/wp\/v2\/types\/post"}],"author":[{"embeddable":true,"href":"https:\/\/redheadwithabrain.ch\/index.php\/wp-json\/wp\/v2\/users\/1"}],"replies":[{"embeddable":true,"href":"https:\/\/redheadwithabrain.ch\/index.php\/wp-json\/wp\/v2\/comments?post=18816"}],"version-history":[{"count":6,"href":"https:\/\/redheadwithabrain.ch\/index.php\/wp-json\/wp\/v2\/posts\/18816\/revisions"}],"predecessor-version":[{"id":18851,"href":"https:\/\/redheadwithabrain.ch\/index.php\/wp-json\/wp\/v2\/posts\/18816\/revisions\/18851"}],"wp:featuredmedia":[{"embeddable":true,"href":"https:\/\/redheadwithabrain.ch\/index.php\/wp-json\/wp\/v2\/media\/18836"}],"wp:attachment":[{"href":"https:\/\/redheadwithabrain.ch\/index.php\/wp-json\/wp\/v2\/media?parent=18816"}],"wp:term":[{"taxonomy":"category","embeddable":true,"href":"https:\/\/redheadwithabrain.ch\/index.php\/wp-json\/wp\/v2\/categories?post=18816"},{"taxonomy":"post_tag","embeddable":true,"href":"https:\/\/redheadwithabrain.ch\/index.php\/wp-json\/wp\/v2\/tags?post=18816"}],"curies":[{"name":"wp","href":"https:\/\/api.w.org\/{rel}","templated":true}]}}