{"id":18821,"date":"2025-05-24T21:39:21","date_gmt":"2025-05-24T19:39:21","guid":{"rendered":"https:\/\/redheadwithabrain.ch\/?p=18821"},"modified":"2025-06-03T18:29:40","modified_gmt":"2025-06-03T16:29:40","slug":"la-liberte-de-presse-les-sentinelles-courrier-international-2023","status":"publish","type":"post","link":"https:\/\/redheadwithabrain.ch\/index.php\/2025\/05\/24\/la-liberte-de-presse-les-sentinelles-courrier-international-2023\/","title":{"rendered":"La libert\u00e9 de presse &#8211; Les Sentinelles \u2013 Courrier international (2023)"},"content":{"rendered":"\n<p class=\"wp-block-paragraph\">Ce podcast, sous-titr\u00e9 &#8220;Des voix d\u2019ailleurs pour un monde en commun&#8221;, donne la parole \u00e0 des personnes originaires d&#8217;autres pays pour aborder certains d\u00e9fis mondiaux, dans cette s\u00e9rie-ci, la libert\u00e9 de la presse. Une radio qui diffuse autour du lac Tchad et une autre au Nig\u00e9ria qu&#8217;un nombre incroyable de personnes \u00e9coutent, un \u00e9pisode sur l&#8217;impact qu&#8217;une information de qualit\u00e9 peut avoir sur le d\u00e9veloppement durable, l&#8217;interview d&#8217;un journaliste exil\u00e9 de Russie, ainsi que celle d&#8217;une dessinatrice de presse. Un petit podcast tr\u00e8s int\u00e9ressant.<\/p>\n\n\n\n<p class=\"wp-block-paragraph\"><em>&#8220;En ce moment, c&#8217;est vrai que, en Tunisie, \u00e7a se complique avec la publication notamment du d\u00e9cret 54 qu&#8217;a r\u00e9dig\u00e9 le pr\u00e9sident Ka\u00efs Sa\u00efed. C&#8217;est un d\u00e9cret qui criminalise les fake news et la propagation de rumeurs, etc. Mais, c&#8217;est un d\u00e9cret qui est dangereux parce que les termes sont assez vagues, donc il peut \u00eatre utilis\u00e9 comme un outil de r\u00e9pression et \u00e7a, oui, \u00e7a peut faire peur. Maintenant, moi, je continue \u00e0 faire des dessins comme je veux, je continue \u00e0 repr\u00e9senter le pr\u00e9sident, les ministres, je continue \u00e0 le faire, sachant qu&#8217;il y a cette \u00e9p\u00e9e de Damocl\u00e8s qui virevolte au-dessus de ma t\u00eate.&#8221;<\/em><\/p>\n\n\n\n<p class=\"wp-block-paragraph\" style=\"font-size:15px\"><strong><mark style=\"background-color:rgba(0, 0, 0, 0)\" class=\"has-inline-color has-colibri-color-4-color\">5 \u00e9pisodes d&#8217;environ 15 minutes chacun<\/mark><\/strong><\/p>\n\n\n\n<p class=\"wp-block-paragraph\" style=\"font-size:15px\">\u00c9pisode 1. David Smith et Haoua, au lac Tchad&nbsp;: \u201cNous avons voulu cr\u00e9er une radio r\u00e9gionale d\u2019utilit\u00e9 publique\u201d.<br>\u00c9pisode  2. Artur Romeu : \u201cLa libert\u00e9 de la presse est celle qui nous permet de v\u00e9rifier l\u2019existence de toutes les autres libert\u00e9s\u201d<br>\u00c9pisode  3. Denis Kataev&nbsp;: \u201cC\u2019est impossible aujourd\u2019hui d\u2019\u00eatre un journaliste en Russie\u201d<br>\u00c9pisode  4. Ibrahim Diallo, au Niger&nbsp;: \u201cRien ne peut nous emp\u00eacher de publier nos informations\u201d<br>\u00c9pisode 5. Nadia Khiari&nbsp;: \u201cFaire un dessin, c\u2019est cr\u00e9er des questionnements, d\u00e9velopper l\u2019esprit critique\u201d<br><\/p>\n","protected":false},"excerpt":{"rendered":"<p>Ce podcast, sous-titr\u00e9 &#8220;Des voix d\u2019ailleurs pour un monde en commun&#8221;, donne la parole \u00e0 des personnes originaires d&#8217;autres pays pour aborder certains d\u00e9fis mondiaux, dans cette s\u00e9rie-ci, la libert\u00e9 de la presse. Une radio qui diffuse autour du lac Tchad et une autre au Nig\u00e9ria qu&#8217;un nombre incroyable de personnes \u00e9coutent, un \u00e9pisode sur [&hellip;]<\/p>\n","protected":false},"author":1,"featured_media":18886,"comment_status":"closed","ping_status":"open","sticky":false,"template":"","format":"standard","meta":{"_jetpack_newsletter_access":"","_jetpack_dont_email_post_to_subs":false,"_jetpack_newsletter_tier_id":0,"_jetpack_memberships_contains_paywalled_content":false,"_jetpack_feature_clip_id":0,"_jetpack_memberships_contains_paid_content":false,"footnotes":"","jetpack_post_was_ever_published":false},"categories":[76],"tags":[110,92,140],"class_list":["post-18821","post","type-post","status-publish","format-standard","has-post-thumbnail","hentry","category-podcasts","tag-freedom","tag-hope","tag-language"],"jetpack_sharing_enabled":true,"jetpack_featured_media_url":"https:\/\/i0.wp.com\/redheadwithabrain.ch\/wp-content\/uploads\/2025\/05\/rishabh-sharma-R-js25Pv1LQ-unsplash-scaled.jpg?fit=1707%2C2560&ssl=1","_links":{"self":[{"href":"https:\/\/redheadwithabrain.ch\/index.php\/wp-json\/wp\/v2\/posts\/18821","targetHints":{"allow":["GET"]}}],"collection":[{"href":"https:\/\/redheadwithabrain.ch\/index.php\/wp-json\/wp\/v2\/posts"}],"about":[{"href":"https:\/\/redheadwithabrain.ch\/index.php\/wp-json\/wp\/v2\/types\/post"}],"author":[{"embeddable":true,"href":"https:\/\/redheadwithabrain.ch\/index.php\/wp-json\/wp\/v2\/users\/1"}],"replies":[{"embeddable":true,"href":"https:\/\/redheadwithabrain.ch\/index.php\/wp-json\/wp\/v2\/comments?post=18821"}],"version-history":[{"count":3,"href":"https:\/\/redheadwithabrain.ch\/index.php\/wp-json\/wp\/v2\/posts\/18821\/revisions"}],"predecessor-version":[{"id":18893,"href":"https:\/\/redheadwithabrain.ch\/index.php\/wp-json\/wp\/v2\/posts\/18821\/revisions\/18893"}],"wp:featuredmedia":[{"embeddable":true,"href":"https:\/\/redheadwithabrain.ch\/index.php\/wp-json\/wp\/v2\/media\/18886"}],"wp:attachment":[{"href":"https:\/\/redheadwithabrain.ch\/index.php\/wp-json\/wp\/v2\/media?parent=18821"}],"wp:term":[{"taxonomy":"category","embeddable":true,"href":"https:\/\/redheadwithabrain.ch\/index.php\/wp-json\/wp\/v2\/categories?post=18821"},{"taxonomy":"post_tag","embeddable":true,"href":"https:\/\/redheadwithabrain.ch\/index.php\/wp-json\/wp\/v2\/tags?post=18821"}],"curies":[{"name":"wp","href":"https:\/\/api.w.org\/{rel}","templated":true}]}}