{"id":18932,"date":"2025-06-23T09:24:25","date_gmt":"2025-06-23T07:24:25","guid":{"rendered":"https:\/\/redheadwithabrain.ch\/?p=18932"},"modified":"2025-08-05T10:20:43","modified_gmt":"2025-08-05T08:20:43","slug":"le-francais-dans-tous-ces-etats-les-sentinelles-courrier-international-2024","status":"publish","type":"post","link":"https:\/\/redheadwithabrain.ch\/index.php\/2025\/06\/23\/le-francais-dans-tous-ces-etats-les-sentinelles-courrier-international-2024\/","title":{"rendered":"Le fran\u00e7ais dans tous ces \u00e9tats &#8211; Les Sentinelles &#8211; Courrier international (2024)"},"content":{"rendered":"\n<p class=\"wp-block-paragraph\">Qu&#8217;est-ce que le fran\u00e7ais exactement ? La langue que l&#8217;on parle en France ou la multitude de fran\u00e7ais que l&#8217;on peut trouver \u00e0 travers le monde : cr\u00e9ole, qu\u00e9b\u00e9cois, fran\u00e7ais d&#8217;Afrique ? Et, comment cette langue est-elle utilis\u00e9e ? Est-ce un outil d&#8217;int\u00e9gration ou un outil de domination coloniale ? Ce podcast explore ces diff\u00e9rentes questions \u00e0 travers la langue elle-m\u00eame, l&#8217;enseignement du fran\u00e7ais, la d\u00e9finition d&#8217;auteur francophone ou encore le point de vue \u00e9conomique. Des questions pertinentes qui m&#8217;ont ouvert quelques fen\u00eatres.<\/p>\n\n\n\n<p class=\"wp-block-paragraph\"><em>&#8220;\u00c9videmment, c&#8217;est une surprise pour personne, on rep\u00e8re facilement les Qu\u00e9becois \u00e0 leur accent. C&#8217;est \u00e9vident. J&#8217;ajouterais de la m\u00eame fa\u00e7on que nous rep\u00e9rons facilement au Qu\u00e9bec les fran\u00e7ais en raison de leur fa\u00e7on de parler, en raison de leur fa\u00e7on de prononcer. Pourquoi ? Parce que la question de l&#8217;accent, \u00e9videmment, \u00e7a renvoie toujours \u00e0 l&#8217;alt\u00e9rit\u00e9. Quand on \u00e9voque l&#8217;accent d&#8217;une personne, on fait en quelque sorte le constat que cette personne-l\u00e0 vient d&#8217;ailleurs, que cette personne-l\u00e0 appartient \u00e0 un autre groupe que le n\u00f4tre en fin de compte. Mais, on est toujours l&#8217;autre de quelqu&#8217;un, donc de ce point de vue l\u00e0 tout le monde \u00e0 un accent. Je pense qu&#8217;on n&#8217;y \u00e9chappe pas. Dans l&#8217;imaginaire linguistique de bien des francophones, il y a des francophones qui n&#8217;ont pas d&#8217;accent et y&#8217;en \u00e0 d&#8217;autres qui en ont. Alors que de mon point de vue, c&#8217;est tout \u00e0 fait faux.&#8221;<\/em><\/p>\n\n\n\n<p class=\"wp-block-paragraph\" style=\"font-size:15px\"><strong><mark style=\"background-color:rgba(0, 0, 0, 0)\" class=\"has-inline-color has-colibri-color-4-color\">5 \u00e9pisodes d&#8217;environ 15 minutes chacun<\/mark><\/strong><\/p>\n\n\n\n<p class=\"wp-block-paragraph\" style=\"font-size:15px\">\u00c9pisode 1. Salikoko Mufwene, aux \u00c9tats-Unis : \u201cQu&#8217;est-ce que le cr\u00e9ole ?\u201d<br>\u00c9pisode 2. Wim Remysen : \u201cLe Fran\u00e7ais du Qu\u00e9bec, une langue vivante et \u00e9mancip\u00e9e\u201d<br>\u00c9pisode 3. Kaoutar Harchi : &#8220;Qu&#8217;est-ce qu&#8217;un \u00e9crivain francophone ?&#8221;<br>\u00c9pisode 4. Mohamed Miled : Pourquoi enseigner en fran\u00e7ais ?<br>\u00c9pisode 5. Christian Jekkinou : la francophonie \u00e9conomique, un d\u00e9fi africain ?<\/p>\n","protected":false},"excerpt":{"rendered":"<p>Qu&#8217;est-ce que le fran\u00e7ais exactement ? La langue que l&#8217;on parle en France ou la multitude de fran\u00e7ais que l&#8217;on peut trouver \u00e0 travers le monde : cr\u00e9ole, qu\u00e9b\u00e9cois, fran\u00e7ais d&#8217;Afrique ? Et, comment cette langue est-elle utilis\u00e9e ? Est-ce un outil d&#8217;int\u00e9gration ou un outil de domination coloniale ? Ce podcast explore ces diff\u00e9rentes [&hellip;]<\/p>\n","protected":false},"author":1,"featured_media":19000,"comment_status":"closed","ping_status":"open","sticky":false,"template":"","format":"standard","meta":{"_jetpack_newsletter_access":"","_jetpack_dont_email_post_to_subs":false,"_jetpack_newsletter_tier_id":0,"_jetpack_memberships_contains_paywalled_content":false,"_jetpack_feature_clip_id":0,"_jetpack_memberships_contains_paid_content":false,"footnotes":"","jetpack_post_was_ever_published":false},"categories":[76],"tags":[237,140,13],"class_list":["post-18932","post","type-post","status-publish","format-standard","has-post-thumbnail","hentry","category-podcasts","tag-empowerment","tag-language","tag-resilience"],"jetpack_sharing_enabled":true,"jetpack_featured_media_url":"https:\/\/i0.wp.com\/redheadwithabrain.ch\/wp-content\/uploads\/2025\/06\/meritt-thomas-rZDz2p0ExKw-unsplash-scaled.jpg?fit=1708%2C2560&ssl=1","_links":{"self":[{"href":"https:\/\/redheadwithabrain.ch\/index.php\/wp-json\/wp\/v2\/posts\/18932","targetHints":{"allow":["GET"]}}],"collection":[{"href":"https:\/\/redheadwithabrain.ch\/index.php\/wp-json\/wp\/v2\/posts"}],"about":[{"href":"https:\/\/redheadwithabrain.ch\/index.php\/wp-json\/wp\/v2\/types\/post"}],"author":[{"embeddable":true,"href":"https:\/\/redheadwithabrain.ch\/index.php\/wp-json\/wp\/v2\/users\/1"}],"replies":[{"embeddable":true,"href":"https:\/\/redheadwithabrain.ch\/index.php\/wp-json\/wp\/v2\/comments?post=18932"}],"version-history":[{"count":3,"href":"https:\/\/redheadwithabrain.ch\/index.php\/wp-json\/wp\/v2\/posts\/18932\/revisions"}],"predecessor-version":[{"id":19120,"href":"https:\/\/redheadwithabrain.ch\/index.php\/wp-json\/wp\/v2\/posts\/18932\/revisions\/19120"}],"wp:featuredmedia":[{"embeddable":true,"href":"https:\/\/redheadwithabrain.ch\/index.php\/wp-json\/wp\/v2\/media\/19000"}],"wp:attachment":[{"href":"https:\/\/redheadwithabrain.ch\/index.php\/wp-json\/wp\/v2\/media?parent=18932"}],"wp:term":[{"taxonomy":"category","embeddable":true,"href":"https:\/\/redheadwithabrain.ch\/index.php\/wp-json\/wp\/v2\/categories?post=18932"},{"taxonomy":"post_tag","embeddable":true,"href":"https:\/\/redheadwithabrain.ch\/index.php\/wp-json\/wp\/v2\/tags?post=18932"}],"curies":[{"name":"wp","href":"https:\/\/api.w.org\/{rel}","templated":true}]}}