{"id":18934,"date":"2025-06-26T10:34:41","date_gmt":"2025-06-26T08:34:41","guid":{"rendered":"https:\/\/redheadwithabrain.ch\/?p=18934"},"modified":"2026-01-17T18:37:41","modified_gmt":"2026-01-17T17:37:41","slug":"la-traviata-guiseppe-verdi-1853-2","status":"publish","type":"post","link":"https:\/\/redheadwithabrain.ch\/index.php\/2025\/06\/26\/la-traviata-guiseppe-verdi-1853-2\/","title":{"rendered":"La Traviata &#8211; Guiseppe Verdi (1853)"},"content":{"rendered":"\n<p class=\"wp-block-paragraph\">Cette histoire tragique raconte le destin de Violetta, une courtisane parisienne qui tombe amoureuse du noble Alfredo Germont, et qui sacrifie son bonheur pour pr\u00e9server l&#8217;honneur de sa famille. Leur amour est finalement condamn\u00e9 et Violetta meurt de la tuberculose, seule, mais rachet\u00e9e par l&#8217;amour. Inspir\u00e9e de La Dame aux cam\u00e9lias d&#8217;Alexandre Dumas fils, l&#8217;op\u00e9ra de Verdi et de son librettiste r\u00e9interpr\u00e8te largement l&#8217;histoire. Dans cette version jou\u00e9e au Grand Th\u00e9\u00e2tre de Gen\u00e8ve, la metteuse en sc\u00e8ne a choisi de revenir \u00e0 la structure originale du roman, dont la chronologie est en boucle. Le spectacle commence donc par le troisi\u00e8me acte, dans une ambiance contemporaine rappelant l&#8217;Allemagne de l&#8217;Est, et quatre Violetta sont pr\u00e9sentes sur sc\u00e8ne : une enfant, une jeune femme amoureuse, une malade et une morte. La multiplicit\u00e9 des Violetta permet de donner corps \u00e0 ses souvenirs, ses espoirs et ses douleurs, comme si toute sa vie se d\u00e9roulait simultan\u00e9ment sous nos yeux. Ce spectacle a \u00e9t\u00e9 hu\u00e9 lors de la premi\u00e8re, ce qui est bien dommage. J&#8217;ai trouv\u00e9 cette version magnifique, compr\u00e9hensible et coh\u00e9rente.<\/p>\n\n\n\n<p class=\"has-text-align-center wp-block-paragraph\"><em>VIOLETTA<br>Di lagrime avea d&#8217;uopo or son tranquilla<br>sforzandosi<br>Lo vedi? ti sorrido<br>Sar\u00f2 l\u00e0, tra quei fior presso a te sempre.<br>Amami, Alfredo, quant&#8217;io t&#8217;amo Addio.<\/em><\/p>\n\n\n\n<p class=\"has-text-align-center wp-block-paragraph\"><em>VIOLETTA<\/em><br><em>I felt like crying<br>But I&#8217;m better now.<br>controlling herself<br>You see &#8230; I&#8217;m smiling &#8230; you see?<br>I&#8217;m all right now &#8230;<br>I&#8217;m smiling.<br>I shall be there amongst the flowers,<br>Always near to you.<br>Love me, Alfredo,<br>Love me as I love you! Farewell!<\/em><\/p>\n\n\n\n<p class=\"wp-block-paragraph\" style=\"font-size:15px\"><strong><mark style=\"background-color:rgba(0, 0, 0, 0)\" class=\"has-inline-color has-colibri-color-4-color\">Cr\u00e9\u00e9 le 6 mars 1853 au Th\u00e9\u00e2tre La Fenice \u00e0 Venise.<\/mark><\/strong><br><strong><mark style=\"background-color:rgba(0, 0, 0, 0)\" class=\"has-inline-color has-colibri-color-4-color\">Derni\u00e8re fois au Grand Th\u00e9\u00e2tre de Gen\u00e8ve en 2012-2013<\/mark><\/strong><\/p>\n","protected":false},"excerpt":{"rendered":"<p>Cette histoire tragique raconte le destin de Violetta, une courtisane parisienne qui tombe amoureuse du noble Alfredo Germont, et qui sacrifie son bonheur pour pr\u00e9server l&#8217;honneur de sa famille. Leur amour est finalement condamn\u00e9 et Violetta meurt de la tuberculose, seule, mais rachet\u00e9e par l&#8217;amour. Inspir\u00e9e de La Dame aux cam\u00e9lias d&#8217;Alexandre Dumas fils, l&#8217;op\u00e9ra [&hellip;]<\/p>\n","protected":false},"author":1,"featured_media":19050,"comment_status":"closed","ping_status":"open","sticky":false,"template":"","format":"standard","meta":{"_jetpack_newsletter_access":"","_jetpack_dont_email_post_to_subs":false,"_jetpack_newsletter_tier_id":0,"_jetpack_memberships_contains_paywalled_content":false,"_jetpack_feature_clip_id":0,"_jetpack_memberships_contains_paid_content":false,"footnotes":"","jetpack_post_was_ever_published":false},"categories":[5],"tags":[148,208,19],"class_list":["post-18934","post","type-post","status-publish","format-standard","has-post-thumbnail","hentry","category-operas","tag-fate","tag-illness","tag-love"],"jetpack_sharing_enabled":true,"jetpack_featured_media_url":"https:\/\/i0.wp.com\/redheadwithabrain.ch\/wp-content\/uploads\/2025\/06\/annie-spratt-lM5-e_5IJ1w-unsplash-scaled-e1758960423585.jpg?fit=2496%2C1620&ssl=1","_links":{"self":[{"href":"https:\/\/redheadwithabrain.ch\/index.php\/wp-json\/wp\/v2\/posts\/18934","targetHints":{"allow":["GET"]}}],"collection":[{"href":"https:\/\/redheadwithabrain.ch\/index.php\/wp-json\/wp\/v2\/posts"}],"about":[{"href":"https:\/\/redheadwithabrain.ch\/index.php\/wp-json\/wp\/v2\/types\/post"}],"author":[{"embeddable":true,"href":"https:\/\/redheadwithabrain.ch\/index.php\/wp-json\/wp\/v2\/users\/1"}],"replies":[{"embeddable":true,"href":"https:\/\/redheadwithabrain.ch\/index.php\/wp-json\/wp\/v2\/comments?post=18934"}],"version-history":[{"count":3,"href":"https:\/\/redheadwithabrain.ch\/index.php\/wp-json\/wp\/v2\/posts\/18934\/revisions"}],"predecessor-version":[{"id":20028,"href":"https:\/\/redheadwithabrain.ch\/index.php\/wp-json\/wp\/v2\/posts\/18934\/revisions\/20028"}],"wp:featuredmedia":[{"embeddable":true,"href":"https:\/\/redheadwithabrain.ch\/index.php\/wp-json\/wp\/v2\/media\/19050"}],"wp:attachment":[{"href":"https:\/\/redheadwithabrain.ch\/index.php\/wp-json\/wp\/v2\/media?parent=18934"}],"wp:term":[{"taxonomy":"category","embeddable":true,"href":"https:\/\/redheadwithabrain.ch\/index.php\/wp-json\/wp\/v2\/categories?post=18934"},{"taxonomy":"post_tag","embeddable":true,"href":"https:\/\/redheadwithabrain.ch\/index.php\/wp-json\/wp\/v2\/tags?post=18934"}],"curies":[{"name":"wp","href":"https:\/\/api.w.org\/{rel}","templated":true}]}}