{"id":19183,"date":"2025-08-19T18:03:35","date_gmt":"2025-08-19T16:03:35","guid":{"rendered":"https:\/\/redheadwithabrain.ch\/?p=19183"},"modified":"2025-08-19T18:28:46","modified_gmt":"2025-08-19T16:28:46","slug":"interieur-nuit-nicolas-demorand-2025","status":"publish","type":"post","link":"https:\/\/redheadwithabrain.ch\/index.php\/2025\/08\/19\/interieur-nuit-nicolas-demorand-2025\/","title":{"rendered":"Int\u00e9rieur nuit &#8211; Nicolas Demorand (2025)"},"content":{"rendered":"\n<p class=\"wp-block-paragraph\">Nicolas Demorand est bipolaire et en parle enfin ouvertement. Les hauts et les bas, tr\u00e8s hauts et tr\u00e8s bas. Les m\u00e9dicaments qui ne marchent pas, qui marchent mal, qu&#8217;il faut changer sans cesse, les hospitalisations \u00e0 r\u00e9p\u00e9tition. Surtout, le fait de devoir toujours cacher sa maladie, de ne pas pouvoir en parler aux autres, de devoir toujours donner le change et de s&#8217;\u00e9puiser. Ce t\u00e9moignage est vraiment touchant : les errances durant des ann\u00e9es, le diagnostic, un soulagement, mais une charge \u00e0 vie. Un r\u00e9cit poignant qui met en lumi\u00e8re la complexit\u00e9 de vivre avec une maladie psychiatrique.<\/p>\n\n\n\n<p class=\"wp-block-paragraph\"><em>&#8220;Je suis malade mental et j&#8217;ai donc appris le silence, la dissimulation et le mensonge. Je me tais, je vis ce qui m&#8217;affecte dans la solitude, je rase les murs. Parfois, je donne le change ou fais belle figure &#8211; alors que j&#8217;ai envie de mourir. Je masque la d\u00e9pression en pr\u00e9textant des insomnies. Mes silences sont pris comme des moments de r\u00e9flexion. Je ris quand, dans un groupe, il serait incongru de ne pas le faire. Je maintiens un grand flou sur mes vacances, si souvent pass\u00e9es chez moi dans la p\u00e9nombre, allong\u00e9 sur un canap\u00e9. Un &#8220;je me suis repos\u00e9&#8221; ferme toute conversation.&#8221;<\/em><\/p>\n","protected":false},"excerpt":{"rendered":"<p>Nicolas Demorand est bipolaire et en parle enfin ouvertement. Les hauts et les bas, tr\u00e8s hauts et tr\u00e8s bas. Les m\u00e9dicaments qui ne marchent pas, qui marchent mal, qu&#8217;il faut changer sans cesse, les hospitalisations \u00e0 r\u00e9p\u00e9tition. Surtout, le fait de devoir toujours cacher sa maladie, de ne pas pouvoir en parler aux autres, de [&hellip;]<\/p>\n","protected":false},"author":1,"featured_media":19185,"comment_status":"closed","ping_status":"open","sticky":false,"template":"","format":"standard","meta":{"_jetpack_newsletter_access":"","_jetpack_dont_email_post_to_subs":false,"_jetpack_newsletter_tier_id":0,"_jetpack_memberships_contains_paywalled_content":false,"_jetpack_feature_clip_id":0,"_jetpack_memberships_contains_paid_content":false,"footnotes":"","jetpack_post_was_ever_published":false},"categories":[270],"tags":[208,64],"class_list":["post-19183","post","type-post","status-publish","format-standard","has-post-thumbnail","hentry","category-books-2025","tag-illness","tag-madness"],"jetpack_sharing_enabled":true,"jetpack_featured_media_url":"https:\/\/i0.wp.com\/redheadwithabrain.ch\/wp-content\/uploads\/2025\/08\/casey-horner-XE2RmuV6ed0-unsplash-scaled-e1755620971511.jpg?fit=2154%2C1523&ssl=1","_links":{"self":[{"href":"https:\/\/redheadwithabrain.ch\/index.php\/wp-json\/wp\/v2\/posts\/19183","targetHints":{"allow":["GET"]}}],"collection":[{"href":"https:\/\/redheadwithabrain.ch\/index.php\/wp-json\/wp\/v2\/posts"}],"about":[{"href":"https:\/\/redheadwithabrain.ch\/index.php\/wp-json\/wp\/v2\/types\/post"}],"author":[{"embeddable":true,"href":"https:\/\/redheadwithabrain.ch\/index.php\/wp-json\/wp\/v2\/users\/1"}],"replies":[{"embeddable":true,"href":"https:\/\/redheadwithabrain.ch\/index.php\/wp-json\/wp\/v2\/comments?post=19183"}],"version-history":[{"count":4,"href":"https:\/\/redheadwithabrain.ch\/index.php\/wp-json\/wp\/v2\/posts\/19183\/revisions"}],"predecessor-version":[{"id":19188,"href":"https:\/\/redheadwithabrain.ch\/index.php\/wp-json\/wp\/v2\/posts\/19183\/revisions\/19188"}],"wp:featuredmedia":[{"embeddable":true,"href":"https:\/\/redheadwithabrain.ch\/index.php\/wp-json\/wp\/v2\/media\/19185"}],"wp:attachment":[{"href":"https:\/\/redheadwithabrain.ch\/index.php\/wp-json\/wp\/v2\/media?parent=19183"}],"wp:term":[{"taxonomy":"category","embeddable":true,"href":"https:\/\/redheadwithabrain.ch\/index.php\/wp-json\/wp\/v2\/categories?post=19183"},{"taxonomy":"post_tag","embeddable":true,"href":"https:\/\/redheadwithabrain.ch\/index.php\/wp-json\/wp\/v2\/tags?post=19183"}],"curies":[{"name":"wp","href":"https:\/\/api.w.org\/{rel}","templated":true}]}}