{"id":19304,"date":"2025-09-25T22:29:48","date_gmt":"2025-09-25T20:29:48","guid":{"rendered":"https:\/\/redheadwithabrain.ch\/?p=19304"},"modified":"2025-09-27T09:49:57","modified_gmt":"2025-09-27T07:49:57","slug":"the-kid-charlie-chaplin-orchestre-de-la-suisse-romande-osr-philippe-beran-2025","status":"publish","type":"post","link":"https:\/\/redheadwithabrain.ch\/index.php\/2025\/09\/25\/the-kid-charlie-chaplin-orchestre-de-la-suisse-romande-osr-philippe-beran-2025\/","title":{"rendered":"The Kid &#8211; Charlie Chaplin &#8211; Orchestre de la Suisse romande (OSR) &#8211; Philippe B\u00e9ran (2025)"},"content":{"rendered":"\n<p class=\"wp-block-paragraph\">Un clochard trouve un enfant abandonn\u00e9 dans la rue et d\u00e9cide de s&#8217;en occuper. Tout se complique lorsque l&#8217;enfant atteint l&#8217;\u00e2ge de cinq ans. Les autorit\u00e9s tentent de lui enlever l&#8217;enfant, mais tout finira bien. Ce film muet date de 1921, soit il y a plus d&#8217;un si\u00e8cle. Il s&#8217;agit du premier long m\u00e9trage de Chaplin. Il l&#8217;a \u00e9crit, produit, r\u00e9alis\u00e9, mont\u00e9, jou\u00e9, puis en a compos\u00e9 la musique. La version pr\u00e9sent\u00e9e ici est celle du cin\u00e9-concert, un format assez exceptionnel dans lequel l\u2019orchestre joue toute la partition du film. \u00c0 chaque fois, je suis \u00e9merveill\u00e9e par ce format qui nous plonge enti\u00e8rement dans le film, au point qu&#8217;on en oublie que de vrais musiciens sont en train de jouer la partition devant nous. Un moment de vrai plaisir.<\/p>\n\n\n\n<p class=\"wp-block-paragraph\"><em>&#8220;A picture with a smile &#8211; perhaps, a tear.&#8221;<\/em><\/p>\n","protected":false},"excerpt":{"rendered":"<p>Un clochard trouve un enfant abandonn\u00e9 dans la rue et d\u00e9cide de s&#8217;en occuper. Tout se complique lorsque l&#8217;enfant atteint l&#8217;\u00e2ge de cinq ans. Les autorit\u00e9s tentent de lui enlever l&#8217;enfant, mais tout finira bien. Ce film muet date de 1921, soit il y a plus d&#8217;un si\u00e8cle. Il s&#8217;agit du premier long m\u00e9trage de [&hellip;]<\/p>\n","protected":false},"author":1,"featured_media":19308,"comment_status":"closed","ping_status":"open","sticky":false,"template":"","format":"standard","meta":{"_jetpack_newsletter_access":"","_jetpack_dont_email_post_to_subs":false,"_jetpack_newsletter_tier_id":0,"_jetpack_memberships_contains_paywalled_content":false,"_jetpack_feature_clip_id":0,"_jetpack_memberships_contains_paid_content":false,"footnotes":"","jetpack_post_was_ever_published":false},"categories":[3,273],"tags":[42,47,124],"class_list":["post-19304","post","type-post","status-publish","format-standard","has-post-thumbnail","hentry","category-concerts","category-films-2025","tag-childhood","tag-humour","tag-loss"],"jetpack_sharing_enabled":true,"jetpack_featured_media_url":"https:\/\/i0.wp.com\/redheadwithabrain.ch\/wp-content\/uploads\/2025\/09\/olesia-libra-wF-zWYiaJ5c-unsplash-scaled.jpg?fit=2560%2C1920&ssl=1","_links":{"self":[{"href":"https:\/\/redheadwithabrain.ch\/index.php\/wp-json\/wp\/v2\/posts\/19304","targetHints":{"allow":["GET"]}}],"collection":[{"href":"https:\/\/redheadwithabrain.ch\/index.php\/wp-json\/wp\/v2\/posts"}],"about":[{"href":"https:\/\/redheadwithabrain.ch\/index.php\/wp-json\/wp\/v2\/types\/post"}],"author":[{"embeddable":true,"href":"https:\/\/redheadwithabrain.ch\/index.php\/wp-json\/wp\/v2\/users\/1"}],"replies":[{"embeddable":true,"href":"https:\/\/redheadwithabrain.ch\/index.php\/wp-json\/wp\/v2\/comments?post=19304"}],"version-history":[{"count":1,"href":"https:\/\/redheadwithabrain.ch\/index.php\/wp-json\/wp\/v2\/posts\/19304\/revisions"}],"predecessor-version":[{"id":19309,"href":"https:\/\/redheadwithabrain.ch\/index.php\/wp-json\/wp\/v2\/posts\/19304\/revisions\/19309"}],"wp:featuredmedia":[{"embeddable":true,"href":"https:\/\/redheadwithabrain.ch\/index.php\/wp-json\/wp\/v2\/media\/19308"}],"wp:attachment":[{"href":"https:\/\/redheadwithabrain.ch\/index.php\/wp-json\/wp\/v2\/media?parent=19304"}],"wp:term":[{"taxonomy":"category","embeddable":true,"href":"https:\/\/redheadwithabrain.ch\/index.php\/wp-json\/wp\/v2\/categories?post=19304"},{"taxonomy":"post_tag","embeddable":true,"href":"https:\/\/redheadwithabrain.ch\/index.php\/wp-json\/wp\/v2\/tags?post=19304"}],"curies":[{"name":"wp","href":"https:\/\/api.w.org\/{rel}","templated":true}]}}