{"id":19389,"date":"2025-10-14T17:33:41","date_gmt":"2025-10-14T16:33:41","guid":{"rendered":"https:\/\/redheadwithabrain.ch\/?p=19389"},"modified":"2025-11-24T19:55:53","modified_gmt":"2025-11-24T18:55:53","slug":"kabuki-guilherme-petreca-tiago-minamisawa-2025","status":"publish","type":"post","link":"https:\/\/redheadwithabrain.ch\/index.php\/2025\/10\/14\/kabuki-guilherme-petreca-tiago-minamisawa-2025\/","title":{"rendered":"Kabuki &#8211; Guilherme Petreca\u00a0&amp; Tiago Minamisawa\u00a0(2025)"},"content":{"rendered":"\n<p class=\"wp-block-paragraph\">Kabuki, n\u00e9 dans un corps de gar\u00e7on, ne se sent pas \u00e0 sa place. Il subit la r\u00e9probation des autres, qui lui pointent du doigt sa diff\u00e9rence. Il a honte et se cache finalement derri\u00e8re un masque de n\u00f4 pour n&#8217;\u00eatre plus qu&#8217;un personnage. Mais peu \u00e0 peu, Kabuki s&#8217;affirme et devient la femme qui vit tout au fond de son \u00eatre. Une histoire de diff\u00e9rence et d&#8217;acceptation qui met en lumi\u00e8re ce beau th\u00e9\u00e2tre japonais. Les dessins sont magnifiques, color\u00e9s et pleins de r\u00eaves. \u00c0 la fin du volume, un dossier tr\u00e8s complet sur le kabuki, les mythes qui ont forg\u00e9 ce th\u00e9\u00e2tre et surtout le drame \u00e0 l&#8217;origine de la cr\u00e9ation d&#8217;un film, puis de cette bande dessin\u00e9e. Un r\u00e9cit tr\u00e8s touchant.<\/p>\n\n\n\n<p class=\"wp-block-paragraph\">&#8220;<em>Le feu que vous crachez ne m&#8217;\u00e9branle plus. Il ne fait que fa\u00e7onner la lame aiguis\u00e9e&#8230; de l&#8217;imposante \u00e9p\u00e9e que je suis devenue ! Vos flammes de haine ne sont que des \u00e9tincelles face \u00e0 celles, puissantes, de ma r\u00e9sistance.&#8221;<\/em><\/p>\n\n\n\n<figure class=\"wp-block-image size-large is-resized\"><img data-recalc-dims=\"1\" loading=\"lazy\" decoding=\"async\" width=\"715\" height=\"1024\" src=\"https:\/\/i0.wp.com\/redheadwithabrain.ch\/wp-content\/uploads\/2025\/10\/PXL_20251101_182738290-EDIT-715x1024.jpg?resize=715%2C1024&#038;ssl=1\" alt=\"\" class=\"wp-image-19447\" style=\"width:840px;height:auto\" srcset=\"https:\/\/i0.wp.com\/redheadwithabrain.ch\/wp-content\/uploads\/2025\/10\/PXL_20251101_182738290-EDIT-scaled.jpg?resize=715%2C1024&amp;ssl=1 715w, https:\/\/i0.wp.com\/redheadwithabrain.ch\/wp-content\/uploads\/2025\/10\/PXL_20251101_182738290-EDIT-scaled.jpg?resize=209%2C300&amp;ssl=1 209w, https:\/\/i0.wp.com\/redheadwithabrain.ch\/wp-content\/uploads\/2025\/10\/PXL_20251101_182738290-EDIT-scaled.jpg?resize=768%2C1100&amp;ssl=1 768w, https:\/\/i0.wp.com\/redheadwithabrain.ch\/wp-content\/uploads\/2025\/10\/PXL_20251101_182738290-EDIT-scaled.jpg?resize=1072%2C1536&amp;ssl=1 1072w, https:\/\/i0.wp.com\/redheadwithabrain.ch\/wp-content\/uploads\/2025\/10\/PXL_20251101_182738290-EDIT-scaled.jpg?resize=1430%2C2048&amp;ssl=1 1430w, https:\/\/i0.wp.com\/redheadwithabrain.ch\/wp-content\/uploads\/2025\/10\/PXL_20251101_182738290-EDIT-scaled.jpg?w=1787&amp;ssl=1 1787w\" sizes=\"auto, (max-width: 715px) 100vw, 715px\" \/><\/figure>\n","protected":false},"excerpt":{"rendered":"<p>Kabuki, n\u00e9 dans un corps de gar\u00e7on, ne se sent pas \u00e0 sa place. Il subit la r\u00e9probation des autres, qui lui pointent du doigt sa diff\u00e9rence. Il a honte et se cache finalement derri\u00e8re un masque de n\u00f4 pour n&#8217;\u00eatre plus qu&#8217;un personnage. Mais peu \u00e0 peu, Kabuki s&#8217;affirme et devient la femme qui [&hellip;]<\/p>\n","protected":false},"author":1,"featured_media":19445,"comment_status":"closed","ping_status":"open","sticky":false,"template":"","format":"standard","meta":{"_jetpack_newsletter_access":"","_jetpack_dont_email_post_to_subs":false,"_jetpack_newsletter_tier_id":0,"_jetpack_memberships_contains_paywalled_content":false,"_jetpack_feature_clip_id":0,"_jetpack_memberships_contains_paid_content":false,"footnotes":"","jetpack_post_was_ever_published":false},"categories":[271],"tags":[129,51,65],"class_list":["post-19389","post","type-post","status-publish","format-standard","has-post-thumbnail","hentry","category-graphic-2025","tag-homophobia","tag-identity","tag-sadness"],"jetpack_sharing_enabled":true,"jetpack_featured_media_url":"https:\/\/i0.wp.com\/redheadwithabrain.ch\/wp-content\/uploads\/2025\/10\/justin-ziadeh-qlZeG-d788k-unsplash-scaled.jpg?fit=2560%2C1493&ssl=1","_links":{"self":[{"href":"https:\/\/redheadwithabrain.ch\/index.php\/wp-json\/wp\/v2\/posts\/19389","targetHints":{"allow":["GET"]}}],"collection":[{"href":"https:\/\/redheadwithabrain.ch\/index.php\/wp-json\/wp\/v2\/posts"}],"about":[{"href":"https:\/\/redheadwithabrain.ch\/index.php\/wp-json\/wp\/v2\/types\/post"}],"author":[{"embeddable":true,"href":"https:\/\/redheadwithabrain.ch\/index.php\/wp-json\/wp\/v2\/users\/1"}],"replies":[{"embeddable":true,"href":"https:\/\/redheadwithabrain.ch\/index.php\/wp-json\/wp\/v2\/comments?post=19389"}],"version-history":[{"count":3,"href":"https:\/\/redheadwithabrain.ch\/index.php\/wp-json\/wp\/v2\/posts\/19389\/revisions"}],"predecessor-version":[{"id":19531,"href":"https:\/\/redheadwithabrain.ch\/index.php\/wp-json\/wp\/v2\/posts\/19389\/revisions\/19531"}],"wp:featuredmedia":[{"embeddable":true,"href":"https:\/\/redheadwithabrain.ch\/index.php\/wp-json\/wp\/v2\/media\/19445"}],"wp:attachment":[{"href":"https:\/\/redheadwithabrain.ch\/index.php\/wp-json\/wp\/v2\/media?parent=19389"}],"wp:term":[{"taxonomy":"category","embeddable":true,"href":"https:\/\/redheadwithabrain.ch\/index.php\/wp-json\/wp\/v2\/categories?post=19389"},{"taxonomy":"post_tag","embeddable":true,"href":"https:\/\/redheadwithabrain.ch\/index.php\/wp-json\/wp\/v2\/tags?post=19389"}],"curies":[{"name":"wp","href":"https:\/\/api.w.org\/{rel}","templated":true}]}}