{"id":19392,"date":"2025-10-17T23:53:00","date_gmt":"2025-10-17T21:53:00","guid":{"rendered":"https:\/\/redheadwithabrain.ch\/?p=19392"},"modified":"2025-11-07T18:47:07","modified_gmt":"2025-11-07T17:47:07","slug":"la-prisonniere-marcel-proust-1923","status":"publish","type":"post","link":"https:\/\/redheadwithabrain.ch\/index.php\/2025\/10\/17\/la-prisonniere-marcel-proust-1923\/","title":{"rendered":"La Prisonni\u00e8re &#8211; Marcel Proust (1923)"},"content":{"rendered":"\n<p class=\"wp-block-paragraph\">Notre narrateur est de retour \u00e0 Paris, o\u00f9 il vit d\u00e9sormais avec Albertine, install\u00e9e chez lui presque \u00e0 l\u2019insu de tous. Il oscille sans cesse entre l\u2019ennui qu\u2019elle lui inspire et la jalousie d\u00e9vorante qui l\u2019envahit \u00e0 l\u2019id\u00e9e qu\u2019elle puisse le tromper &#8211; peut-\u00eatre m\u00eame avec d\u2019autres femmes. Cette tension permanente conduit in\u00e9vitablement \u00e0 une dispute, puis \u00e0 la fuite discr\u00e8te d\u2019Albertine. Intitul\u00e9 La Prisonni\u00e8re, le roman interroge subtilement qui, du narrateur ou d\u2019Albertine, est v\u00e9ritablement captif : elle, enferm\u00e9e dans un amour possessif, ou lui, prisonnier de ses propres obsessions et contradictions. Il ne se passe, en apparence, pas grand-chose dans ce huis clos \u00e9touffant. Tout se joue dans les nuances de l\u2019analyse psychologique et la lente d\u00e9composition du sentiment amoureux. Si le narrateur peut para\u00eetre lassant par son ind\u00e9cision, la beaut\u00e9 et la musicalit\u00e9 de l\u2019\u00e9criture de Proust rendent cette introspection int\u00e9ressante.<\/p>\n\n\n\n<p class=\"wp-block-paragraph\"><em>&#8220;Ce n\u2019\u00e9tait plus le m\u00eame Albertine, parce qu\u2019elle n\u2019\u00e9tait pas, comme \u00e0 Balbec, sans cesse en fuite sur sa bicyclette, introuvable \u00e0 cause du nombre de petites plages o\u00f9 elle allait coucher chez des amies et o\u00f9, d\u2019ailleurs, ses mensonges la rendaient plus difficile \u00e0 atteindre ; parce qu\u2019enferm\u00e9e chez moi, docile et seule, elle n\u2019\u00e9tait plus ce qu\u2019\u00e0 Balbec, m\u00eame quand j\u2019avais pu la trouver, elle \u00e9tait sur la plage, cet \u00eatre fuyant, prudent et fourbe, dont la pr\u00e9sence se prolongeait de tant de rendez-vous qu\u2019elle \u00e9tait habile \u00e0 dissimuler, qui la faisaient aimer parce qu\u2019ils faisaient souffrir, que, sous sa froideur avec les autres et ses r\u00e9ponses banales, on sentait le rendez-vous de la veille et celui du lendemain, et pour moi cern\u00e9 de d\u00e9dain et de ruse. Parce que le vent de la mer ne gonflait plus ses v\u00eatements, parce que, surtout, je lui avais coup\u00e9 les ailes, elle avait cess\u00e9 d\u2019\u00eatre une Victoire, elle \u00e9tait une pesante esclave dont j\u2019aurais voulu me d\u00e9barrasser.&#8221;<\/em><\/p>\n","protected":false},"excerpt":{"rendered":"<p>Notre narrateur est de retour \u00e0 Paris, o\u00f9 il vit d\u00e9sormais avec Albertine, install\u00e9e chez lui presque \u00e0 l\u2019insu de tous. Il oscille sans cesse entre l\u2019ennui qu\u2019elle lui inspire et la jalousie d\u00e9vorante qui l\u2019envahit \u00e0 l\u2019id\u00e9e qu\u2019elle puisse le tromper &#8211; peut-\u00eatre m\u00eame avec d\u2019autres femmes. Cette tension permanente conduit in\u00e9vitablement \u00e0 une [&hellip;]<\/p>\n","protected":false},"author":1,"featured_media":19470,"comment_status":"closed","ping_status":"open","sticky":false,"template":"","format":"standard","meta":{"_jetpack_newsletter_access":"","_jetpack_dont_email_post_to_subs":false,"_jetpack_newsletter_tier_id":0,"_jetpack_memberships_contains_paywalled_content":false,"_jetpack_feature_clip_id":0,"_jetpack_memberships_contains_paid_content":false,"footnotes":"","jetpack_post_was_ever_published":false},"categories":[270],"tags":[286,63,19],"class_list":["post-19392","post","type-post","status-publish","format-standard","has-post-thumbnail","hentry","category-books-2025","tag-boredom","tag-jealousy","tag-love"],"jetpack_sharing_enabled":true,"jetpack_featured_media_url":"https:\/\/i0.wp.com\/redheadwithabrain.ch\/wp-content\/uploads\/2025\/10\/laura-adai-Is6ioeSdg_Q-unsplash-scaled.jpg?fit=2560%2C1707&ssl=1","_links":{"self":[{"href":"https:\/\/redheadwithabrain.ch\/index.php\/wp-json\/wp\/v2\/posts\/19392","targetHints":{"allow":["GET"]}}],"collection":[{"href":"https:\/\/redheadwithabrain.ch\/index.php\/wp-json\/wp\/v2\/posts"}],"about":[{"href":"https:\/\/redheadwithabrain.ch\/index.php\/wp-json\/wp\/v2\/types\/post"}],"author":[{"embeddable":true,"href":"https:\/\/redheadwithabrain.ch\/index.php\/wp-json\/wp\/v2\/users\/1"}],"replies":[{"embeddable":true,"href":"https:\/\/redheadwithabrain.ch\/index.php\/wp-json\/wp\/v2\/comments?post=19392"}],"version-history":[{"count":3,"href":"https:\/\/redheadwithabrain.ch\/index.php\/wp-json\/wp\/v2\/posts\/19392\/revisions"}],"predecessor-version":[{"id":19473,"href":"https:\/\/redheadwithabrain.ch\/index.php\/wp-json\/wp\/v2\/posts\/19392\/revisions\/19473"}],"wp:featuredmedia":[{"embeddable":true,"href":"https:\/\/redheadwithabrain.ch\/index.php\/wp-json\/wp\/v2\/media\/19470"}],"wp:attachment":[{"href":"https:\/\/redheadwithabrain.ch\/index.php\/wp-json\/wp\/v2\/media?parent=19392"}],"wp:term":[{"taxonomy":"category","embeddable":true,"href":"https:\/\/redheadwithabrain.ch\/index.php\/wp-json\/wp\/v2\/categories?post=19392"},{"taxonomy":"post_tag","embeddable":true,"href":"https:\/\/redheadwithabrain.ch\/index.php\/wp-json\/wp\/v2\/tags?post=19392"}],"curies":[{"name":"wp","href":"https:\/\/api.w.org\/{rel}","templated":true}]}}