{"id":19407,"date":"2025-10-25T06:22:00","date_gmt":"2025-10-25T04:22:00","guid":{"rendered":"https:\/\/redheadwithabrain.ch\/?p=19407"},"modified":"2025-11-07T19:06:12","modified_gmt":"2025-11-07T18:06:12","slug":"mon-secret-niki-de-saint-phalle","status":"publish","type":"post","link":"https:\/\/redheadwithabrain.ch\/index.php\/2025\/10\/25\/mon-secret-niki-de-saint-phalle\/","title":{"rendered":"Mon secret &#8211; Niki de Saint-Phalle"},"content":{"rendered":"\n<p class=\"wp-block-paragraph\">Dans une lettre adress\u00e9e \u00e0 sa fille, Niki de Saint Phalle \u00e9voque le viol \u00e0 r\u00e9p\u00e9tition qu&#8217;elle a subi de la part de son p\u00e8re, cet homme qu&#8217;elle admirait, comme le font souvent les petites filles. Elle \u00e9voque son impossibilit\u00e9 \u00e0 en parler, qui l&#8217;aurait crue ?, et la souffrance qu&#8217;elle a port\u00e9e toute sa vie. Le texte est simple, poignant et horriblement triste, r\u00e9dig\u00e9 dans la jolie \u00e9criture de l&#8217;artiste. Un bel ouvrage pour une confession abominable.<\/p>\n\n\n\n<p class=\"wp-block-paragraph\"><em>&#8220;Selon eux, aucun homme ne pouvait \u00eatre bl\u00e2m\u00e9 de ne pas avoir pu r\u00e9sister \u00e0 la s\u00e9duction perverse d&#8217;une petite fille. C&#8217;\u00e9tait \u00e0 elle \u00e0 ne pas provoquer son p\u00e8re, celui-ci \u00e9tait victime d&#8217;un tragique moment de faiblesse.<br>C&#8217;est exactement comme si examinant le comportement des Racistes du Ku Klux Klan, on en d\u00e9duisait que les Noirs avaient certainement exag\u00e9r\u00e9 pour mener les braves blancs au Racisme !&#8221;<\/em><\/p>\n","protected":false},"excerpt":{"rendered":"<p>Dans une lettre adress\u00e9e \u00e0 sa fille, Niki de Saint Phalle \u00e9voque le viol \u00e0 r\u00e9p\u00e9tition qu&#8217;elle a subi de la part de son p\u00e8re, cet homme qu&#8217;elle admirait, comme le font souvent les petites filles. Elle \u00e9voque son impossibilit\u00e9 \u00e0 en parler, qui l&#8217;aurait crue ?, et la souffrance qu&#8217;elle a port\u00e9e toute sa [&hellip;]<\/p>\n","protected":false},"author":1,"featured_media":19474,"comment_status":"closed","ping_status":"open","sticky":false,"template":"","format":"standard","meta":{"_jetpack_newsletter_access":"","_jetpack_dont_email_post_to_subs":false,"_jetpack_newsletter_tier_id":0,"_jetpack_memberships_contains_paywalled_content":false,"_jetpack_feature_clip_id":0,"_jetpack_memberships_contains_paid_content":false,"footnotes":"","jetpack_post_was_ever_published":false},"categories":[270],"tags":[111,109,114],"class_list":["post-19407","post","type-post","status-publish","format-standard","has-post-thumbnail","hentry","category-books-2025","tag-abuse","tag-pain","tag-secrets"],"jetpack_sharing_enabled":true,"jetpack_featured_media_url":"https:\/\/i0.wp.com\/redheadwithabrain.ch\/wp-content\/uploads\/2025\/11\/PXL_20251024_0900396322-e1762538923301.jpg?fit=1938%2C2244&ssl=1","_links":{"self":[{"href":"https:\/\/redheadwithabrain.ch\/index.php\/wp-json\/wp\/v2\/posts\/19407","targetHints":{"allow":["GET"]}}],"collection":[{"href":"https:\/\/redheadwithabrain.ch\/index.php\/wp-json\/wp\/v2\/posts"}],"about":[{"href":"https:\/\/redheadwithabrain.ch\/index.php\/wp-json\/wp\/v2\/types\/post"}],"author":[{"embeddable":true,"href":"https:\/\/redheadwithabrain.ch\/index.php\/wp-json\/wp\/v2\/users\/1"}],"replies":[{"embeddable":true,"href":"https:\/\/redheadwithabrain.ch\/index.php\/wp-json\/wp\/v2\/comments?post=19407"}],"version-history":[{"count":2,"href":"https:\/\/redheadwithabrain.ch\/index.php\/wp-json\/wp\/v2\/posts\/19407\/revisions"}],"predecessor-version":[{"id":19475,"href":"https:\/\/redheadwithabrain.ch\/index.php\/wp-json\/wp\/v2\/posts\/19407\/revisions\/19475"}],"wp:featuredmedia":[{"embeddable":true,"href":"https:\/\/redheadwithabrain.ch\/index.php\/wp-json\/wp\/v2\/media\/19474"}],"wp:attachment":[{"href":"https:\/\/redheadwithabrain.ch\/index.php\/wp-json\/wp\/v2\/media?parent=19407"}],"wp:term":[{"taxonomy":"category","embeddable":true,"href":"https:\/\/redheadwithabrain.ch\/index.php\/wp-json\/wp\/v2\/categories?post=19407"},{"taxonomy":"post_tag","embeddable":true,"href":"https:\/\/redheadwithabrain.ch\/index.php\/wp-json\/wp\/v2\/tags?post=19407"}],"curies":[{"name":"wp","href":"https:\/\/api.w.org\/{rel}","templated":true}]}}