{"id":19443,"date":"2025-10-26T18:47:00","date_gmt":"2025-10-26T17:47:00","guid":{"rendered":"https:\/\/redheadwithabrain.ch\/?p=19443"},"modified":"2026-01-17T18:33:44","modified_gmt":"2026-01-17T17:33:44","slug":"pelleas-melisande-claude-debussy-1902","status":"publish","type":"post","link":"https:\/\/redheadwithabrain.ch\/index.php\/2025\/10\/26\/pelleas-melisande-claude-debussy-1902\/","title":{"rendered":"Pell\u00e9as &amp; M\u00e9lisande &#8211; Claude Debussy (1902)"},"content":{"rendered":"\n<p class=\"wp-block-paragraph\">Cet op\u00e9ra avait \u00e9t\u00e9 programm\u00e9 en 2001 par le Grand Th\u00e9\u00e2tre de Gen\u00e8ve, mais n&#8217;avait pas pu avoir lieu en raison du Covid. Je l&#8217;avais regard\u00e9 depuis chez moi <a href=\"https:\/\/redheadwithabrain.ch\/index.php\/2021\/01\/31\/pelleas-et-melisande-claude-debussy-1902\/\">en streaming<\/a>. Reprogramm\u00e9 cette saison, je l&#8217;ai donc revu. J&#8217;ajouterai plusieurs \u00e9l\u00e9ments \u00e0 ma critique de 2021. Pour commencer, c&#8217;est le seul et unique op\u00e9ra de Debussy. Cet op\u00e9ra est chant\u00e9, mais dans un style particulier, pas comme un op\u00e9ra traditionnel : pas de grands airs connus, pas de notes qui circonvolutent. Le point fort de cette version est vraiment la sc\u00e9nographie, avec les danseurs omnipr\u00e9sents, habill\u00e9s de tons neutres, qui miment les ombres des personnages, mais aussi probablement leurs \u00e9motions. M\u00eame si les chants et la musique ne sont pas des plus classiques, cette mise en sc\u00e8ne est magnifique. Je suis contente d&#8217;avoir pu vivre cet op\u00e9ra en personne.<\/p>\n\n\n\n<p class=\"wp-block-paragraph\">&#8220;<em>Pell\u00e9as : Non, non, non ;\u2026 Je n\u2019ai jamais vu de cheveux comme les tiens M\u00e9lisande !\u2026 Vois, vois ; ils viennent de si haut et m\u2019inondent jusqu\u2019au c\u0153ur\u2026 Ils sont ti\u00e8des et doux comme s\u2019ils tombaient du ciel !\u2026 Je ne vois plus le ciel \u00e0 travers tes cheveux et leur belle lumi\u00e8re me cache sa lumi\u00e8re ! \u2026 Regarde, regarde donc, mes mains ne peuvent plus les contenir\u2026 Ils me fuient, ils me fuient jusqu\u2019aux branches du saule\u2026 Ils s\u2019\u00e9chappent de toutes parts\u2026 Ils tressaillent, ils s\u2019agitent, ils palpitent dans mes mains comme des oiseaux d\u2019or ; et ils m\u2019aiment, ils m\u2019aiment mille fois mieux que toi !\u2026<br>M\u00e9lisande : Laisse-moi, laisse-moi\u2026 quelqu\u2019un pourrait venir\u2026<br>Pell\u00e9as : Non, non, non ; je ne te d\u00e9livre pas cette nuit\u2026 Tu es ma prisonni\u00e8re cette nuit ; toute la nuit, toute la nuit\u2026 <br>M\u00e9lisande : Pell\u00e9as ! Pell\u00e9as !\u2026<br>Pell\u00e9as : Tu ne t\u2019en iras plus\u2026 Je t\u2019embrasse tout enti\u00e8re en baisant tes cheveux, et je ne souffre plus au milieu de leurs flammes\u2026 Entends-tu mes baisers ?\u2026 Ils s\u2019\u00e9l\u00e8vent le long des mille mailles d\u2019or\u2026 Il faut que chacune d\u2019elles t\u2019en apporte un millier ; et en retienne autant pour t\u2019embrasser encore quand je n\u2019y serai plus\u2026 Tu vois, tu vois, je puis ouvrir les mains\u2026 Tu vois, j\u2019ai les mains libres et tu ne peux m\u2019abandonner\u2026&#8221;<\/em><\/p>\n\n\n\n<p class=\"wp-block-paragraph\" style=\"font-size:15px\"><strong><mark style=\"background-color:rgba(0, 0, 0, 0)\" class=\"has-inline-color has-colibri-color-4-color\">Cr\u00e9\u00e9 le 30 avril 1902 \u00e0 l\u2019Op\u00e9ra-Comique \u00e0 Paris<br>Derni\u00e8re fois au Grand Th\u00e9\u00e2tre de Gen\u00e8ve en 1999-2000<\/mark><\/strong><\/p>\n","protected":false},"excerpt":{"rendered":"<p>Cet op\u00e9ra avait \u00e9t\u00e9 programm\u00e9 en 2001 par le Grand Th\u00e9\u00e2tre de Gen\u00e8ve, mais n&#8217;avait pas pu avoir lieu en raison du Covid. Je l&#8217;avais regard\u00e9 depuis chez moi en streaming. Reprogramm\u00e9 cette saison, je l&#8217;ai donc revu. J&#8217;ajouterai plusieurs \u00e9l\u00e9ments \u00e0 ma critique de 2021. Pour commencer, c&#8217;est le seul et unique op\u00e9ra de [&hellip;]<\/p>\n","protected":false},"author":1,"featured_media":19529,"comment_status":"closed","ping_status":"open","sticky":false,"template":"","format":"standard","meta":{"_jetpack_newsletter_access":"","_jetpack_dont_email_post_to_subs":false,"_jetpack_newsletter_tier_id":0,"_jetpack_memberships_contains_paywalled_content":false,"_jetpack_feature_clip_id":0,"_jetpack_memberships_contains_paid_content":false,"footnotes":"","jetpack_post_was_ever_published":false},"categories":[5],"tags":[56,85,19],"class_list":["post-19443","post","type-post","status-publish","format-standard","has-post-thumbnail","hentry","category-operas","tag-death","tag-infidelity","tag-love"],"jetpack_sharing_enabled":true,"jetpack_featured_media_url":"https:\/\/i0.wp.com\/redheadwithabrain.ch\/wp-content\/uploads\/2025\/11\/dovydas-zilinskas-e0mtaFBObYs-unsplash-scaled.jpg?fit=2560%2C1707&ssl=1","_links":{"self":[{"href":"https:\/\/redheadwithabrain.ch\/index.php\/wp-json\/wp\/v2\/posts\/19443","targetHints":{"allow":["GET"]}}],"collection":[{"href":"https:\/\/redheadwithabrain.ch\/index.php\/wp-json\/wp\/v2\/posts"}],"about":[{"href":"https:\/\/redheadwithabrain.ch\/index.php\/wp-json\/wp\/v2\/types\/post"}],"author":[{"embeddable":true,"href":"https:\/\/redheadwithabrain.ch\/index.php\/wp-json\/wp\/v2\/users\/1"}],"replies":[{"embeddable":true,"href":"https:\/\/redheadwithabrain.ch\/index.php\/wp-json\/wp\/v2\/comments?post=19443"}],"version-history":[{"count":5,"href":"https:\/\/redheadwithabrain.ch\/index.php\/wp-json\/wp\/v2\/posts\/19443\/revisions"}],"predecessor-version":[{"id":20024,"href":"https:\/\/redheadwithabrain.ch\/index.php\/wp-json\/wp\/v2\/posts\/19443\/revisions\/20024"}],"wp:featuredmedia":[{"embeddable":true,"href":"https:\/\/redheadwithabrain.ch\/index.php\/wp-json\/wp\/v2\/media\/19529"}],"wp:attachment":[{"href":"https:\/\/redheadwithabrain.ch\/index.php\/wp-json\/wp\/v2\/media?parent=19443"}],"wp:term":[{"taxonomy":"category","embeddable":true,"href":"https:\/\/redheadwithabrain.ch\/index.php\/wp-json\/wp\/v2\/categories?post=19443"},{"taxonomy":"post_tag","embeddable":true,"href":"https:\/\/redheadwithabrain.ch\/index.php\/wp-json\/wp\/v2\/tags?post=19443"}],"curies":[{"name":"wp","href":"https:\/\/api.w.org\/{rel}","templated":true}]}}