{"id":19462,"date":"2025-11-06T12:12:34","date_gmt":"2025-11-06T11:12:34","guid":{"rendered":"https:\/\/redheadwithabrain.ch\/?p=19462"},"modified":"2025-11-27T03:58:51","modified_gmt":"2025-11-27T02:58:51","slug":"losr-invite-locl-victoria-hall-geneva-2025","status":"publish","type":"post","link":"https:\/\/redheadwithabrain.ch\/index.php\/2025\/11\/06\/losr-invite-locl-victoria-hall-geneva-2025\/","title":{"rendered":"L&#8217;OSR invite l&#8217;OCL &#8211; Victoria Hall &#8211; Geneva (2025)"},"content":{"rendered":"\n<p class=\"wp-block-paragraph\">Une petite soir\u00e9e Mozart au Victoria Hall avec l&#8217;Orchestre de chambre de Lausanne, donc un petit orchestre, Ton Koopman \u00e0 la direction et Julia Lezhneva comme soprano. Nous avions des places assez particuli\u00e8res, des fauteuils d&#8217;orchestre, c&#8217;est-\u00e0-dire des places situ\u00e9es tout en haut et derri\u00e8re l&#8217;orchestre. Nous \u00e9tions \u00e0 droite et donc voyions surtout les violons. C&#8217;\u00e9tait un peu particulier mais une exp\u00e9rience amusante. Et j&#8217;aime beaucoup Mozart&#8230; il suffit finalement de juste fermer les yeux.<\/p>\n\n\n\n<p class=\"wp-block-paragraph\"><em><strong>Wolfgang Amadeus Mozart<\/strong><br>La Fl\u00fbte enchant\u00e9e, ouverture KV 620<br>Exsultate Jubilate, pour soprano et orchestre KV 165<br>S\u00e9r\u00e9nade N\u00b0 6 en r\u00e9 majeur KV 239, dite &#8216;Serenata notturna&#8217;<br>Air de concert &#8216;Voi avete un cor fedele&#8217; KV 217<br>Symphonie N\u00b0 38 en r\u00e9 majeur KV 504, dite &#8216;Prague&#8217;<\/em><br><\/p>\n","protected":false},"excerpt":{"rendered":"<p>Une petite soir\u00e9e Mozart au Victoria Hall avec l&#8217;Orchestre de chambre de Lausanne, donc un petit orchestre, Ton Koopman \u00e0 la direction et Julia Lezhneva comme soprano. Nous avions des places assez particuli\u00e8res, des fauteuils d&#8217;orchestre, c&#8217;est-\u00e0-dire des places situ\u00e9es tout en haut et derri\u00e8re l&#8217;orchestre. Nous \u00e9tions \u00e0 droite et donc voyions surtout les [&hellip;]<\/p>\n","protected":false},"author":1,"featured_media":19556,"comment_status":"closed","ping_status":"open","sticky":false,"template":"","format":"standard","meta":{"_jetpack_newsletter_access":"","_jetpack_dont_email_post_to_subs":false,"_jetpack_newsletter_tier_id":0,"_jetpack_memberships_contains_paywalled_content":false,"_jetpack_feature_clip_id":0,"_jetpack_memberships_contains_paid_content":false,"footnotes":"","jetpack_post_was_ever_published":false},"categories":[3],"tags":[67,105,113],"class_list":["post-19462","post","type-post","status-publish","format-standard","has-post-thumbnail","hentry","category-concerts","tag-creativity","tag-joy","tag-music"],"jetpack_sharing_enabled":true,"jetpack_featured_media_url":"https:\/\/i0.wp.com\/redheadwithabrain.ch\/wp-content\/uploads\/2025\/11\/fabian-kleiser-G-GYmjT2GpY-unsplash-scaled.jpg?fit=1707%2C2560&ssl=1","_links":{"self":[{"href":"https:\/\/redheadwithabrain.ch\/index.php\/wp-json\/wp\/v2\/posts\/19462","targetHints":{"allow":["GET"]}}],"collection":[{"href":"https:\/\/redheadwithabrain.ch\/index.php\/wp-json\/wp\/v2\/posts"}],"about":[{"href":"https:\/\/redheadwithabrain.ch\/index.php\/wp-json\/wp\/v2\/types\/post"}],"author":[{"embeddable":true,"href":"https:\/\/redheadwithabrain.ch\/index.php\/wp-json\/wp\/v2\/users\/1"}],"replies":[{"embeddable":true,"href":"https:\/\/redheadwithabrain.ch\/index.php\/wp-json\/wp\/v2\/comments?post=19462"}],"version-history":[{"count":1,"href":"https:\/\/redheadwithabrain.ch\/index.php\/wp-json\/wp\/v2\/posts\/19462\/revisions"}],"predecessor-version":[{"id":19557,"href":"https:\/\/redheadwithabrain.ch\/index.php\/wp-json\/wp\/v2\/posts\/19462\/revisions\/19557"}],"wp:featuredmedia":[{"embeddable":true,"href":"https:\/\/redheadwithabrain.ch\/index.php\/wp-json\/wp\/v2\/media\/19556"}],"wp:attachment":[{"href":"https:\/\/redheadwithabrain.ch\/index.php\/wp-json\/wp\/v2\/media?parent=19462"}],"wp:term":[{"taxonomy":"category","embeddable":true,"href":"https:\/\/redheadwithabrain.ch\/index.php\/wp-json\/wp\/v2\/categories?post=19462"},{"taxonomy":"post_tag","embeddable":true,"href":"https:\/\/redheadwithabrain.ch\/index.php\/wp-json\/wp\/v2\/tags?post=19462"}],"curies":[{"name":"wp","href":"https:\/\/api.w.org\/{rel}","templated":true}]}}