{"id":19520,"date":"2025-11-19T03:48:09","date_gmt":"2025-11-19T02:48:09","guid":{"rendered":"https:\/\/redheadwithabrain.ch\/?p=19520"},"modified":"2025-11-27T22:09:40","modified_gmt":"2025-11-27T21:09:40","slug":"bal-imperial-bolero-sidi-larbi-cherkaoui-damien-jalet","status":"publish","type":"post","link":"https:\/\/redheadwithabrain.ch\/index.php\/2025\/11\/19\/bal-imperial-bolero-sidi-larbi-cherkaoui-damien-jalet\/","title":{"rendered":"Bal imp\u00e9rial &amp; Bol\u00e9ro &#8211; Sidi Larbi Cherkaoui &amp;\u00a0Damien Jalet"},"content":{"rendered":"\n<p class=\"wp-block-paragraph\">Deux ballets en une soir\u00e9e. D&#8217;abord, une pi\u00e8ce sur le Bol\u00e9ro de Ravel. Des danseurs v\u00eatus de blanc, de voiles \u00e9th\u00e9r\u00e9es et de costumes en r\u00e9sille, \u00e9voquent des squelettes. Un miroir g\u00e9ant inclin\u00e9 apporte une dimension suppl\u00e9mentaire \u00e0 la sc\u00e9nographie. La musique du Bol\u00e9ro, avec son crescendo tout en douceur jusqu&#8217;\u00e0 l&#8217;explosion finale, est d\u00e9j\u00e0 un plaisir en soi. La danse qui a \u00e9t\u00e9 cr\u00e9\u00e9e avec est \u00e9galement magnifique de fluidit\u00e9, plus classique que je ne l&#8217;aurais imagin\u00e9 de la part du metteur en sc\u00e8ne, mais tr\u00e8s belle. En deuxi\u00e8me partie, Bal Imp\u00e9rial rend hommage aux 200 ans de la naissance de Johann Strauss II. Une histoire de banquets, de soir\u00e9es de d\u00e9bauche et de classes sociales. De nouveau, de la danse assez classique, mais avec une petite touche d&#8217;originalit\u00e9, notamment les mouvements des bras en angles bizarres et saccad\u00e9s, qui ajoutent une touche humoristique. Les costumes sont d\u00e9lirants, color\u00e9s, polyvalents, avec des jupes courtes devant et longues derri\u00e8re, et inversement quand n\u00e9cessaire, extr\u00eamement jolis. J\u2019ai \u00e9galement appr\u00e9ci\u00e9, dans les deux pi\u00e8ces, l\u2019absence de genre : il s&#8217;agit simplement de personnages d\u00e9finis par leur humanit\u00e9 plut\u00f4t que par leur identit\u00e9. Vraiment deux \u0153uvres hors du commun.<\/p>\n\n\n\n<p class=\"wp-block-paragraph\" style=\"font-size:15px\"><strong><mark style=\"background-color:rgba(0, 0, 0, 0)\" class=\"has-inline-color has-colibri-color-4-color\">Bal imp\u00e9rial&nbsp;: Cr\u00e9ation mondiale en novembre 2025 au Grand Th\u00e9\u00e2tre de Gen\u00e8ve &#8211; Coproduction avec le Festival Johann Strauss 2025 Wien et Eastman Dance Company<br>Bol\u00e9ro : Cr\u00e9\u00e9 en 2013 \u00e0 l\u2019Op\u00e9ra National de Paris, repris en 2023 au GTG<\/mark><\/strong><\/p>\n","protected":false},"excerpt":{"rendered":"<p>Deux ballets en une soir\u00e9e. D&#8217;abord, une pi\u00e8ce sur le Bol\u00e9ro de Ravel. Des danseurs v\u00eatus de blanc, de voiles \u00e9th\u00e9r\u00e9es et de costumes en r\u00e9sille, \u00e9voquent des squelettes. Un miroir g\u00e9ant inclin\u00e9 apporte une dimension suppl\u00e9mentaire \u00e0 la sc\u00e9nographie. La musique du Bol\u00e9ro, avec son crescendo tout en douceur jusqu&#8217;\u00e0 l&#8217;explosion finale, est d\u00e9j\u00e0 [&hellip;]<\/p>\n","protected":false},"author":1,"featured_media":19525,"comment_status":"closed","ping_status":"open","sticky":false,"template":"","format":"standard","meta":{"_jetpack_newsletter_access":"","_jetpack_dont_email_post_to_subs":false,"_jetpack_newsletter_tier_id":0,"_jetpack_memberships_contains_paywalled_content":false,"_jetpack_feature_clip_id":0,"_jetpack_memberships_contains_paid_content":false,"footnotes":"","jetpack_post_was_ever_published":false},"categories":[269],"tags":[37,141,105],"class_list":["post-19520","post","type-post","status-publish","format-standard","has-post-thumbnail","hentry","category-autres","tag-bliss","tag-dreams","tag-joy"],"jetpack_sharing_enabled":true,"jetpack_featured_media_url":"https:\/\/i0.wp.com\/redheadwithabrain.ch\/wp-content\/uploads\/2025\/11\/caroline-hernandez-8IR7jXjNG0w-unsplash-scaled.jpg?fit=2048%2C2560&ssl=1","_links":{"self":[{"href":"https:\/\/redheadwithabrain.ch\/index.php\/wp-json\/wp\/v2\/posts\/19520","targetHints":{"allow":["GET"]}}],"collection":[{"href":"https:\/\/redheadwithabrain.ch\/index.php\/wp-json\/wp\/v2\/posts"}],"about":[{"href":"https:\/\/redheadwithabrain.ch\/index.php\/wp-json\/wp\/v2\/types\/post"}],"author":[{"embeddable":true,"href":"https:\/\/redheadwithabrain.ch\/index.php\/wp-json\/wp\/v2\/users\/1"}],"replies":[{"embeddable":true,"href":"https:\/\/redheadwithabrain.ch\/index.php\/wp-json\/wp\/v2\/comments?post=19520"}],"version-history":[{"count":4,"href":"https:\/\/redheadwithabrain.ch\/index.php\/wp-json\/wp\/v2\/posts\/19520\/revisions"}],"predecessor-version":[{"id":19567,"href":"https:\/\/redheadwithabrain.ch\/index.php\/wp-json\/wp\/v2\/posts\/19520\/revisions\/19567"}],"wp:featuredmedia":[{"embeddable":true,"href":"https:\/\/redheadwithabrain.ch\/index.php\/wp-json\/wp\/v2\/media\/19525"}],"wp:attachment":[{"href":"https:\/\/redheadwithabrain.ch\/index.php\/wp-json\/wp\/v2\/media?parent=19520"}],"wp:term":[{"taxonomy":"category","embeddable":true,"href":"https:\/\/redheadwithabrain.ch\/index.php\/wp-json\/wp\/v2\/categories?post=19520"},{"taxonomy":"post_tag","embeddable":true,"href":"https:\/\/redheadwithabrain.ch\/index.php\/wp-json\/wp\/v2\/tags?post=19520"}],"curies":[{"name":"wp","href":"https:\/\/api.w.org\/{rel}","templated":true}]}}