{"id":19598,"date":"2025-12-31T11:56:52","date_gmt":"2025-12-31T10:56:52","guid":{"rendered":"https:\/\/redheadwithabrain.ch\/?p=19598"},"modified":"2026-01-05T10:02:24","modified_gmt":"2026-01-05T09:02:24","slug":"le-temps-retrouve-marcel-proust","status":"publish","type":"post","link":"https:\/\/redheadwithabrain.ch\/index.php\/2025\/12\/31\/le-temps-retrouve-marcel-proust\/","title":{"rendered":"Le temps retrouv\u00e9 &#8211; Marcel Proust"},"content":{"rendered":"\n<p class=\"wp-block-paragraph\">Ce dernier tome de La Recherche am\u00e8ne le narrateur \u00e0 un moment de r\u00e9v\u00e9lation. Apr\u00e8s la Premi\u00e8re Guerre mondiale, il r\u00e9int\u00e8gre la soci\u00e9t\u00e9 parisienne et constate \u00e0 quel point les gens ont vieilli. Lors d&#8217;une r\u00e9ception mondaine, une s\u00e9rie de souvenirs involontaires, d\u00e9clench\u00e9s par des sensations physiques telles que tr\u00e9bucher sur un pav\u00e9 ou la texture d&#8217;une serviette, lui font soudainement revivre des moments pass\u00e9s avec une intensit\u00e9 et une clart\u00e9 saisissantes. Il prend alors conscience de la v\u00e9ritable nature du temps, de la m\u00e9moire et de l&#8217;art, et comprend que l&#8217;\u00e9criture, en transformant l&#8217;exp\u00e9rience v\u00e9cue et la m\u00e9moire en litt\u00e9rature, peut donner une permanence \u00e0 ce que la vie rend \u00e9ph\u00e9m\u00e8re. Il comprend alors que toute sa vie constitue la mati\u00e8re d&#8217;un livre et d\u00e9cide d&#8217;\u00e9crire l&#8217;\u0153uvre que nous venons de lire. Ce septi\u00e8me volume est tr\u00e8s statique, tout en r\u00e9flexions. J&#8217;ai ador\u00e9 la description cruelle et tr\u00e8s jugeante des vieillards, ainsi que ce rappel de la madeleine du d\u00e9but, qui permet de stimuler ce que Proust nomme la m\u00e9moire involontaire. Un de mes objectifs de 2025 est atteint de justesse, et je suis tr\u00e8s heureuse d&#8217;\u00eatre pass\u00e9e \u00e0 travers cette lecture belle, quoique pas toujours tr\u00e8s facile.<\/p>\n\n\n\n<p class=\"wp-block-paragraph\"><em>&#8220;Alors on e\u00fbt dit que les signes qui devaient, ce jour-l\u00e0, me tirer de mon d\u00e9couragement et me rendre la foi dans les lettres, avaient \u00e0 c\u0153ur de se multiplier, car un ma\u00eetre d&#8217;h\u00f4tel depuis longtemps au service du prince de Guermantes m&#8217;ayant reconnu, et m&#8217;ayant apport\u00e9 dans la biblioth\u00e8que o\u00f9 j&#8217;\u00e9tais pour m&#8217;\u00e9viter d&#8217;aller au buffet, un choix de petits fours, un verre d&#8217;orangeade, je m&#8217;essuyai la bouche avec la serviette qu&#8217;il m&#8217;avait donn\u00e9e; mais aussit\u00f4t, comme le personnage des Mille et Une Nuits qui sans le savoir accomplissait pr\u00e9cis\u00e9ment le rite qui faisait appara\u00eetre, visible pour lui seul, un docile g\u00e9nie pr\u00eat \u00e0 le transporter au loin, une nouvelle vision d&#8217;azur passa devant mes yeux; mais il \u00e9tait pur et salin, il se gonfla en mamelles bleu\u00e2tres; l&#8217;impression fut si forte que le moment que je vivais me sembla \u00eatre le moment actuel; plus h\u00e9b\u00e9t\u00e9 que le jour o\u00f9 je me demandais si j&#8217;allais vraiment \u00eatre accueilli par la princesse de Guermantes ou si tout n&#8217;allait pas s&#8217;effondrer? Je croyais que le domestique venait d&#8217;ouvrir la fen\u00eatre sur la plage et que tout m&#8217;invitait \u00e0 descendre me promener le long de la digue \u00e0 mar\u00e9e haute; la serviette que j&#8217;avais prise pour m&#8217;essuyer la bouche avait pr\u00e9cis\u00e9ment le genre de raideur et d&#8217;empes\u00e9 de celle avec laquelle j&#8217;avais eu tant de peine \u00e0 me s\u00e9cher devant la fen\u00eatre, le premier jour de mon arriv\u00e9e \u00e0 Balbec, et, maintenant devant cette biblioth\u00e8que de l&#8217;h\u00f4tel de Guermantes, elle d\u00e9ployait, r\u00e9parti dans ses pans et dans ses cassures, le plumage d&#8217;un oc\u00e9an vert et bleu comme la queue d&#8217;un paon. Et je ne jouissais pas que de ces couleurs, mais de tout un instant de ma vie qui les soulevait, qui avait \u00e9t\u00e9 sans doute aspiration vers elles, dont quelque sentiment de fatigue ou de tristesse m&#8217;avait peut-\u00eatre emp\u00each\u00e9 de jouir \u00e0 Balbec, et qui maintenant, d\u00e9barrass\u00e9 de ce qu&#8217;il y a d&#8217;imparfait dans la perception ext\u00e9rieure, me gonflait d&#8217;all\u00e9gresse.&#8221;<\/em><\/p>\n","protected":false},"excerpt":{"rendered":"<p>Ce dernier tome de La Recherche am\u00e8ne le narrateur \u00e0 un moment de r\u00e9v\u00e9lation. Apr\u00e8s la Premi\u00e8re Guerre mondiale, il r\u00e9int\u00e8gre la soci\u00e9t\u00e9 parisienne et constate \u00e0 quel point les gens ont vieilli. Lors d&#8217;une r\u00e9ception mondaine, une s\u00e9rie de souvenirs involontaires, d\u00e9clench\u00e9s par des sensations physiques telles que tr\u00e9bucher sur un pav\u00e9 ou la [&hellip;]<\/p>\n","protected":false},"author":1,"featured_media":19901,"comment_status":"closed","ping_status":"open","sticky":false,"template":"","format":"standard","meta":{"_jetpack_newsletter_access":"","_jetpack_dont_email_post_to_subs":false,"_jetpack_newsletter_tier_id":0,"_jetpack_memberships_contains_paywalled_content":false,"_jetpack_feature_clip_id":0,"_jetpack_memberships_contains_paid_content":false,"footnotes":"","jetpack_post_was_ever_published":false},"categories":[270],"tags":[56,131,57],"class_list":["post-19598","post","type-post","status-publish","format-standard","has-post-thumbnail","hentry","category-books-2025","tag-death","tag-elderly","tag-memories"],"jetpack_sharing_enabled":true,"jetpack_featured_media_url":"https:\/\/i0.wp.com\/redheadwithabrain.ch\/wp-content\/uploads\/2025\/12\/sebastian-herrmann-m_ofJsUblH0-unsplash-scaled.jpg?fit=2560%2C1707&ssl=1","_links":{"self":[{"href":"https:\/\/redheadwithabrain.ch\/index.php\/wp-json\/wp\/v2\/posts\/19598","targetHints":{"allow":["GET"]}}],"collection":[{"href":"https:\/\/redheadwithabrain.ch\/index.php\/wp-json\/wp\/v2\/posts"}],"about":[{"href":"https:\/\/redheadwithabrain.ch\/index.php\/wp-json\/wp\/v2\/types\/post"}],"author":[{"embeddable":true,"href":"https:\/\/redheadwithabrain.ch\/index.php\/wp-json\/wp\/v2\/users\/1"}],"replies":[{"embeddable":true,"href":"https:\/\/redheadwithabrain.ch\/index.php\/wp-json\/wp\/v2\/comments?post=19598"}],"version-history":[{"count":2,"href":"https:\/\/redheadwithabrain.ch\/index.php\/wp-json\/wp\/v2\/posts\/19598\/revisions"}],"predecessor-version":[{"id":19902,"href":"https:\/\/redheadwithabrain.ch\/index.php\/wp-json\/wp\/v2\/posts\/19598\/revisions\/19902"}],"wp:featuredmedia":[{"embeddable":true,"href":"https:\/\/redheadwithabrain.ch\/index.php\/wp-json\/wp\/v2\/media\/19901"}],"wp:attachment":[{"href":"https:\/\/redheadwithabrain.ch\/index.php\/wp-json\/wp\/v2\/media?parent=19598"}],"wp:term":[{"taxonomy":"category","embeddable":true,"href":"https:\/\/redheadwithabrain.ch\/index.php\/wp-json\/wp\/v2\/categories?post=19598"},{"taxonomy":"post_tag","embeddable":true,"href":"https:\/\/redheadwithabrain.ch\/index.php\/wp-json\/wp\/v2\/tags?post=19598"}],"curies":[{"name":"wp","href":"https:\/\/api.w.org\/{rel}","templated":true}]}}