{"id":19950,"date":"2026-01-08T22:26:24","date_gmt":"2026-01-08T21:26:24","guid":{"rendered":"https:\/\/redheadwithabrain.ch\/?p=19950"},"modified":"2026-01-13T08:36:34","modified_gmt":"2026-01-13T07:36:34","slug":"losr-recoit-renaud-capucon-et-locl-victoria-hall-2026","status":"publish","type":"post","link":"https:\/\/redheadwithabrain.ch\/index.php\/2026\/01\/08\/losr-recoit-renaud-capucon-et-locl-victoria-hall-2026\/","title":{"rendered":"L\u2019OSR re\u00e7oit Renaud Capu\u00e7on et l\u2019OCL &#8211; Victoria Hall (2026)"},"content":{"rendered":"\n<p class=\"wp-block-paragraph\">Un concert de l\u2019Orchestre de chambre de Lausanne, cette fois dirig\u00e9 par Renaud Capu\u00e7on. En premi\u00e8re partie, un concerto pour piano de Beethoven, interpr\u00e9t\u00e9 par Francesco Piemontesi. La deuxi\u00e8me partie proposait une s\u00e9r\u00e9nade de Mozart, \u00e9crite pour un mariage \u00e0 Salzbourg, qui laisse une belle place au violon solo. En bis, Francesco Piemontesi a jou\u00e9 <em>Au lac de Wallenstadt<\/em> de Liszt, un moment que j\u2019ai beaucoup aim\u00e9. Pour terminer, l\u2019OCL a interpr\u00e9t\u00e9 un court morceau en hommage aux victimes de Crans-Montana, suivi d\u2019une minute de silence. Tout le Victoria Hall est rest\u00e9 immobile, dans un silence tr\u00e8s impressionnant. Un beau concert.<\/p>\n\n\n\n<p class=\"wp-block-paragraph\"><em><strong>Wolfgang Amadeus Mozart<\/strong><br>S\u00e9r\u00e9nade N\u00b0 7 en r\u00e9 majeur KV 250, dite &#8216;Haffner&#8217;<br><strong>Ludwig van Beethoven<\/strong><br>Concerto pour piano et orchestre N\u00b0 4 en sol majeur op. 58<\/em><\/p>\n","protected":false},"excerpt":{"rendered":"<p>Un concert de l\u2019Orchestre de chambre de Lausanne, cette fois dirig\u00e9 par Renaud Capu\u00e7on. En premi\u00e8re partie, un concerto pour piano de Beethoven, interpr\u00e9t\u00e9 par Francesco Piemontesi. La deuxi\u00e8me partie proposait une s\u00e9r\u00e9nade de Mozart, \u00e9crite pour un mariage \u00e0 Salzbourg, qui laisse une belle place au violon solo. En bis, Francesco Piemontesi a jou\u00e9 [&hellip;]<\/p>\n","protected":false},"author":1,"featured_media":19974,"comment_status":"closed","ping_status":"open","sticky":false,"template":"","format":"standard","meta":{"_jetpack_newsletter_access":"","_jetpack_dont_email_post_to_subs":false,"_jetpack_newsletter_tier_id":0,"_jetpack_memberships_contains_paywalled_content":false,"_jetpack_feature_clip_id":0,"_jetpack_memberships_contains_paid_content":false,"footnotes":"","jetpack_post_was_ever_published":false},"categories":[3],"tags":[112,113,65],"class_list":["post-19950","post","type-post","status-publish","format-standard","has-post-thumbnail","hentry","category-concerts","tag-history","tag-music","tag-sadness"],"jetpack_sharing_enabled":true,"jetpack_featured_media_url":"https:\/\/i0.wp.com\/redheadwithabrain.ch\/wp-content\/uploads\/2026\/01\/claude-gabriel-yvEVMyTzMO4-unsplash-scaled.jpg?fit=2560%2C1707&ssl=1","_links":{"self":[{"href":"https:\/\/redheadwithabrain.ch\/index.php\/wp-json\/wp\/v2\/posts\/19950","targetHints":{"allow":["GET"]}}],"collection":[{"href":"https:\/\/redheadwithabrain.ch\/index.php\/wp-json\/wp\/v2\/posts"}],"about":[{"href":"https:\/\/redheadwithabrain.ch\/index.php\/wp-json\/wp\/v2\/types\/post"}],"author":[{"embeddable":true,"href":"https:\/\/redheadwithabrain.ch\/index.php\/wp-json\/wp\/v2\/users\/1"}],"replies":[{"embeddable":true,"href":"https:\/\/redheadwithabrain.ch\/index.php\/wp-json\/wp\/v2\/comments?post=19950"}],"version-history":[{"count":2,"href":"https:\/\/redheadwithabrain.ch\/index.php\/wp-json\/wp\/v2\/posts\/19950\/revisions"}],"predecessor-version":[{"id":19975,"href":"https:\/\/redheadwithabrain.ch\/index.php\/wp-json\/wp\/v2\/posts\/19950\/revisions\/19975"}],"wp:featuredmedia":[{"embeddable":true,"href":"https:\/\/redheadwithabrain.ch\/index.php\/wp-json\/wp\/v2\/media\/19974"}],"wp:attachment":[{"href":"https:\/\/redheadwithabrain.ch\/index.php\/wp-json\/wp\/v2\/media?parent=19950"}],"wp:term":[{"taxonomy":"category","embeddable":true,"href":"https:\/\/redheadwithabrain.ch\/index.php\/wp-json\/wp\/v2\/categories?post=19950"},{"taxonomy":"post_tag","embeddable":true,"href":"https:\/\/redheadwithabrain.ch\/index.php\/wp-json\/wp\/v2\/tags?post=19950"}],"curies":[{"name":"wp","href":"https:\/\/api.w.org\/{rel}","templated":true}]}}