{"id":19977,"date":"2026-01-13T11:39:10","date_gmt":"2026-01-13T10:39:10","guid":{"rendered":"https:\/\/redheadwithabrain.ch\/?p=19977"},"modified":"2026-01-15T17:08:36","modified_gmt":"2026-01-15T16:08:36","slug":"musee-dethnographie-de-geneve-geneve-2026","status":"publish","type":"post","link":"https:\/\/redheadwithabrain.ch\/index.php\/2026\/01\/13\/musee-dethnographie-de-geneve-geneve-2026\/","title":{"rendered":"Mus\u00e9e d&#8217;ethnographie de Gen\u00e8ve &#8211; Gen\u00e8ve (2026)"},"content":{"rendered":"\n<p class=\"wp-block-paragraph\">La collection permanente &#8220;Archives de la diversit\u00e9 humaine&#8221; du mus\u00e9e d&#8217;ethnographie r\u00e9unit plus de 1000 objets sur les 80&#8217;000 qui le mus\u00e9e poss\u00e8de. Cette collection a \u00e9t\u00e9 revisit\u00e9e en 2024 et met d\u00e9sormais en \u00e9vidence &#8220;la recherche de provenance et la d\u00e9colonisation des pratiques mus\u00e9ales et ethnologiques&#8221;. Ceci est pr\u00e9sent\u00e9 sous forme d&#8217;un parcours dialogue o\u00f9 certains objets restent expos\u00e9es apres le consentement des communaut\u00e9es concern\u00e9es et certains objets sont enlev\u00e9s par faute de consentement ou parce que trop sensiles, style des restes humains. La collection est class\u00e9e en six parties : les cinq continetns et un section d&#8217;ethnomusicologie. EN parall\u00e8le de l&#8217;exposition permanetne, il y a une exposition temporaire appel\u00e9e &#8220;Rencontres&#8221;, une exposition dans laquelle douze personnes issues de diverses communaut\u00e9s partagent leurs histoires personnelles autour d&#8217;objets issus des collections du MEG : Mundiya Kepanga, chef de la tribu des Huli, a choisi p\u00e9ruque manda tinderia, Deneth Piumakshi a choisi un masque de th\u00e9\u00e2tre kolam N\u00e2ga-Kany\u00e2<\/p>\n\n\n\n<p class=\"wp-block-paragraph\"><em>&#8220;Pour moi, c&#8217;\u00e9tait important de ne pas montrer cette photographie parce qu&#8217;elle est violente, parce qu&#8217;elle est d\u00e9contextualis\u00e9e, et de fait, je ne souhaite pas reproduire une violence sexiste, raciste. La personne en question que j&#8217;ai choisie derri\u00e8re la photographie porte le num\u00e9ro 7. C&#8217;est tout ce que je sais d&#8217;elle. Pour moi c&#8217;est tr\u00e8s important de voir cette photographie comme \u00e9tant un acte de contrainte. C&#8217;est une femme, c&#8217;est un corps domin\u00e9, c&#8217;est un corps racis\u00e9, qui a \u00e9t\u00e9 photographi\u00e9 sans son consentement dans un but pr\u00e9cis, l&#8217;inf\u00e9rioriser vis-\u00e0-vis des autres populations. Pour moi, c&#8217;est impensable de d\u00e9contextualiser la violence dans laquelle ces photographies ont \u00e9t\u00e9 prises qui par ailleurs, l&#8217;\u00e9taient dans des contextes pr\u00e9cis \u00e0 savoir, des centres de d\u00e9tention, que ce soit des centres de regroupement pour populations indig\u00e8nes qui se levaient contre l&#8217;oppression coloniale ou que ce soit dans des centres p\u00e9nitenciers qui parquaient les personnes indig\u00e8nes qui se r\u00e9voltaient \u00e9galement et avaient des revendications ind\u00e9pendantistes. Je suis assez&#8230;. heurt\u00e9e, quand je vois ce genre de contenu, parce que, pour moi, ils doivent \u00eatre trait\u00e9s dans la plus grande \u00e9thique et la plus grande responsabilit\u00e9, parce que c&#8217;est reproduire une violence que de montrer encore une fois le corps d&#8217;une femme domin\u00e9e, racis\u00e9e et exhib\u00e9e aux yeux de toutes et tous. J&#8217;ai choisi de ne pas le faire parce que je n&#8217;ai pas eu le consentement de la victime de l&#8217;oppression raciste et coloniale et je n&#8217;ai pas eu le consentement de toute une communaut\u00e9 qui aujourd&#8217;hui demande \u00e0 pouvoir investir des espaces, des espaces publics comme un mus\u00e9e sans se sentir \u00e0 nouveau amoindrie, heurt\u00e9e humili\u00e9e. Ces photographies, on n&#8217;a jamais demand\u00e9es aux personnes si elles voulaient, si elle consentaient \u00e0 y participer et elles disent un rapport de forces, un rapport de domin\u00e9-dominant, de colon-indig\u00e8ne. On est en 1913 quand cette photo a \u00e9t\u00e9 prise, en Tunisie. Et je ne sais rien de cette femme. Je n&#8217;ai ni son pr\u00e9nom, ni son identit\u00e9, ni son \u00e2ge, ni ses r\u00eaves, ni ses croyances, ni ses peurs, parce que, la vraie question \u00e0 se poser, \u00e0 mon avis, c&#8217;est: quelle histoire, si elles avaient eu voix au chapitre ces personnes auraient souhait\u00e9 narrer? Donc pour moi, c&#8217;est tr\u00e8s important que le vivre ensemble se pense aussi en termes de faire ensemble. Les communaut\u00e9s qui sont issues de ces populations colonis\u00e9es doivent avoir voix au chapitre, doivet pouvoir aussi exprimer la blessure derri\u00e8re ces regards et surtout essayer de redonner une forme d&#8217;humanit\u00e9 et de dignit\u00e9 \u00e0 ces personnes qui en ont \u00e9t\u00e9 priv\u00e9es. Amel Merabet. Brochure d&#8217;exposition Rencontres. MEG&#8221;<\/em><\/p>\n","protected":false},"excerpt":{"rendered":"<p>La collection permanente &#8220;Archives de la diversit\u00e9 humaine&#8221; du mus\u00e9e d&#8217;ethnographie r\u00e9unit plus de 1000 objets sur les 80&#8217;000 qui le mus\u00e9e poss\u00e8de. Cette collection a \u00e9t\u00e9 revisit\u00e9e en 2024 et met d\u00e9sormais en \u00e9vidence &#8220;la recherche de provenance et la d\u00e9colonisation des pratiques mus\u00e9ales et ethnologiques&#8221;. Ceci est pr\u00e9sent\u00e9 sous forme d&#8217;un parcours dialogue [&hellip;]<\/p>\n","protected":false},"author":1,"featured_media":19995,"comment_status":"closed","ping_status":"open","sticky":false,"template":"","format":"standard","meta":{"_jetpack_newsletter_access":"","_jetpack_dont_email_post_to_subs":false,"_jetpack_newsletter_tier_id":0,"_jetpack_memberships_contains_paywalled_content":false,"_jetpack_feature_clip_id":0,"_jetpack_memberships_contains_paid_content":false,"footnotes":"","jetpack_post_was_ever_published":false},"categories":[117],"tags":[111,112,51],"class_list":["post-19977","post","type-post","status-publish","format-standard","has-post-thumbnail","hentry","category-exhibitions","tag-abuse","tag-history","tag-identity"],"jetpack_sharing_enabled":true,"jetpack_featured_media_url":"https:\/\/redheadwithabrain.ch\/wp-content\/uploads\/2026\/01\/9090f2c_1685645411162-3d1bfac0-6073-11e4-802c-cf45623830fa.avif","_links":{"self":[{"href":"https:\/\/redheadwithabrain.ch\/index.php\/wp-json\/wp\/v2\/posts\/19977","targetHints":{"allow":["GET"]}}],"collection":[{"href":"https:\/\/redheadwithabrain.ch\/index.php\/wp-json\/wp\/v2\/posts"}],"about":[{"href":"https:\/\/redheadwithabrain.ch\/index.php\/wp-json\/wp\/v2\/types\/post"}],"author":[{"embeddable":true,"href":"https:\/\/redheadwithabrain.ch\/index.php\/wp-json\/wp\/v2\/users\/1"}],"replies":[{"embeddable":true,"href":"https:\/\/redheadwithabrain.ch\/index.php\/wp-json\/wp\/v2\/comments?post=19977"}],"version-history":[{"count":3,"href":"https:\/\/redheadwithabrain.ch\/index.php\/wp-json\/wp\/v2\/posts\/19977\/revisions"}],"predecessor-version":[{"id":19997,"href":"https:\/\/redheadwithabrain.ch\/index.php\/wp-json\/wp\/v2\/posts\/19977\/revisions\/19997"}],"wp:featuredmedia":[{"embeddable":true,"href":"https:\/\/redheadwithabrain.ch\/index.php\/wp-json\/wp\/v2\/media\/19995"}],"wp:attachment":[{"href":"https:\/\/redheadwithabrain.ch\/index.php\/wp-json\/wp\/v2\/media?parent=19977"}],"wp:term":[{"taxonomy":"category","embeddable":true,"href":"https:\/\/redheadwithabrain.ch\/index.php\/wp-json\/wp\/v2\/categories?post=19977"},{"taxonomy":"post_tag","embeddable":true,"href":"https:\/\/redheadwithabrain.ch\/index.php\/wp-json\/wp\/v2\/tags?post=19977"}],"curies":[{"name":"wp","href":"https:\/\/api.w.org\/{rel}","templated":true}]}}