{"id":20075,"date":"2026-01-20T18:08:02","date_gmt":"2026-01-20T17:08:02","guid":{"rendered":"https:\/\/redheadwithabrain.ch\/?p=20075"},"modified":"2026-01-26T12:30:13","modified_gmt":"2026-01-26T11:30:13","slug":"oh-boy-marie-aude-murail-2000","status":"publish","type":"post","link":"https:\/\/redheadwithabrain.ch\/index.php\/2026\/01\/20\/oh-boy-marie-aude-murail-2000\/","title":{"rendered":"Oh, boy ! &#8211; Marie-Aude Murail (2000)"},"content":{"rendered":"\n<p class=\"wp-block-paragraph\">Les petits Morlevent sont d\u00e9sormais seuls. Leur p\u00e8re a disparu et leur m\u00e8re vient de se suicider. Ils sont trois : Sim\u00e9on, 14 ans, Morgane, 8 ans, et Venise, 5 ans. L\u2019assistante sociale et la juge peinent \u00e0 d\u00e9cider \u00e0 qui confier les enfants. Reste Barth\u00e9l\u00e9my, le demi-fr\u00e8re, homosexuel et jug\u00e9 peu rassurant, ou Josiane, adopt\u00e9e par le p\u00e8re, ophtalmologue, qui n\u2019envisage de s\u2019occuper que de la petite Venise. Entre ranc\u0153urs familiales li\u00e9es \u00e0 ce p\u00e8re absent, maladie grave, amour naissant et stigmatisation de l\u2019homosexualit\u00e9, ce roman raconte avec justesse l\u2019attachement, la solidarit\u00e9 et la force des liens fraternels. Une histoire belle et \u00e9mouvante.<\/p>\n\n\n\n<p class=\"wp-block-paragraph\"><em>&#8220;Demain, mais pas aujourd\u2019hui. Cet aujourd\u2019hui fragile o\u00f9 l\u2019on est presque bien. Dans le long couloir des maladies, il y a par-ci par-l\u00e0 une fen\u00eatre. Les deux fr\u00e8res s\u2019y accoudaient, profitant du ciel et de l\u2019instant.&#8221;<\/em><\/p>\n","protected":false},"excerpt":{"rendered":"<p>Les petits Morlevent sont d\u00e9sormais seuls. Leur p\u00e8re a disparu et leur m\u00e8re vient de se suicider. Ils sont trois : Sim\u00e9on, 14 ans, Morgane, 8 ans, et Venise, 5 ans. L\u2019assistante sociale et la juge peinent \u00e0 d\u00e9cider \u00e0 qui confier les enfants. Reste Barth\u00e9l\u00e9my, le demi-fr\u00e8re, homosexuel et jug\u00e9 peu rassurant, ou Josiane, [&hellip;]<\/p>\n","protected":false},"author":1,"featured_media":20134,"comment_status":"closed","ping_status":"open","sticky":false,"template":"","format":"standard","meta":{"_jetpack_newsletter_access":"","_jetpack_dont_email_post_to_subs":false,"_jetpack_newsletter_tier_id":0,"_jetpack_memberships_contains_paywalled_content":false,"_jetpack_feature_clip_id":0,"_jetpack_memberships_contains_paid_content":false,"footnotes":"","jetpack_post_was_ever_published":false},"categories":[291,294],"tags":[31,148,51],"class_list":["post-20075","post","type-post","status-publish","format-standard","has-post-thumbnail","hentry","category-books-2026","category-challenge-solidaire-2026","tag-family","tag-fate","tag-identity"],"jetpack_sharing_enabled":true,"jetpack_featured_media_url":"https:\/\/i0.wp.com\/redheadwithabrain.ch\/wp-content\/uploads\/2026\/01\/getty-images-ZTy7WsMLKoM-unsplash-scaled-e1769427038122.jpg?fit=2560%2C1860&ssl=1","_links":{"self":[{"href":"https:\/\/redheadwithabrain.ch\/index.php\/wp-json\/wp\/v2\/posts\/20075","targetHints":{"allow":["GET"]}}],"collection":[{"href":"https:\/\/redheadwithabrain.ch\/index.php\/wp-json\/wp\/v2\/posts"}],"about":[{"href":"https:\/\/redheadwithabrain.ch\/index.php\/wp-json\/wp\/v2\/types\/post"}],"author":[{"embeddable":true,"href":"https:\/\/redheadwithabrain.ch\/index.php\/wp-json\/wp\/v2\/users\/1"}],"replies":[{"embeddable":true,"href":"https:\/\/redheadwithabrain.ch\/index.php\/wp-json\/wp\/v2\/comments?post=20075"}],"version-history":[{"count":1,"href":"https:\/\/redheadwithabrain.ch\/index.php\/wp-json\/wp\/v2\/posts\/20075\/revisions"}],"predecessor-version":[{"id":20077,"href":"https:\/\/redheadwithabrain.ch\/index.php\/wp-json\/wp\/v2\/posts\/20075\/revisions\/20077"}],"wp:featuredmedia":[{"embeddable":true,"href":"https:\/\/redheadwithabrain.ch\/index.php\/wp-json\/wp\/v2\/media\/20134"}],"wp:attachment":[{"href":"https:\/\/redheadwithabrain.ch\/index.php\/wp-json\/wp\/v2\/media?parent=20075"}],"wp:term":[{"taxonomy":"category","embeddable":true,"href":"https:\/\/redheadwithabrain.ch\/index.php\/wp-json\/wp\/v2\/categories?post=20075"},{"taxonomy":"post_tag","embeddable":true,"href":"https:\/\/redheadwithabrain.ch\/index.php\/wp-json\/wp\/v2\/tags?post=20075"}],"curies":[{"name":"wp","href":"https:\/\/api.w.org\/{rel}","templated":true}]}}