{"id":20195,"date":"2026-01-31T19:37:31","date_gmt":"2026-01-31T18:37:31","guid":{"rendered":"https:\/\/redheadwithabrain.ch\/?p=20195"},"modified":"2026-02-23T19:55:51","modified_gmt":"2026-02-23T18:55:51","slug":"stefan-eicher-seul-en-scene-francois-gremaud-2024","status":"publish","type":"post","link":"https:\/\/redheadwithabrain.ch\/index.php\/2026\/01\/31\/stefan-eicher-seul-en-scene-francois-gremaud-2024\/","title":{"rendered":"Stefan Eicher seul en sc\u00e8ne &#8211; Fran\u00e7ois Gr\u00e9maud (2024)"},"content":{"rendered":"\n<p class=\"wp-block-paragraph\">Stefan Eicher est l\u2019un de nos chanteurs suisses les plus connus\u2026 mais il semblerait qu\u2019il ait aussi eu envie de faire du th\u00e9\u00e2tre. \u00c0 ses c\u00f4t\u00e9s, Fran\u00e7ois Gr\u00e9maud, metteur en sc\u00e8ne inventif \u00e0 l\u2019origine notamment de <a href=\"https:\/\/redheadwithabrain.ch\/index.php\/2023\/09\/28\/phedre-francois-gremaud-2023\/\">Ph\u00e8dre !<\/a> et <a href=\"https:\/\/redheadwithabrain.ch\/index.php\/2024\/10\/03\/giselle-francois-gremaud-2023\/\">Giselle\u2026<\/a>, cr\u00e9\u00e9 cette rencontre. Ensemble, ils livrent une forme d\u00e9licate de th\u00e9\u00e2tre-concert : Stefan Eicher y raconte sa vie, partage ses \u00e9tats d\u2019\u00e2me, avec humour et douceur, port\u00e9 par son charmant accent bernois. Dans un Th\u00e9\u00e2tre de Carouge comble, on ressent pourtant une vraie proximit\u00e9 avec cet artiste touchant. Un tr\u00e8s joli spectacle, sensible et sinc\u00e8re.<\/p>\n\n\n\n<p class=\"wp-block-paragraph\"><em>&#8220;Je regarde sur la chaise le journal du matin<br>Les nouvelles sont mauvaises d&#8217;o\u00f9 qu&#8217;elles viennent<br>&#8220;Crois-tu qu&#8217;il va neiger?&#8221; me demande-t-elle soudain<br>&#8220;Me feras-tu un b\u00e9b\u00e9 pour No\u00ebl?&#8221;<\/em><\/p>\n\n\n\n<p class=\"wp-block-paragraph\"><em>Elle prend son caf\u00e9 en riant, elle me regarde \u00e0 peine<br>Plus rien ne la surprend sur la nature humaine<br>C&#8217;est pourquoi elle voudrait, enfin si je le permets<br>D\u00e9jeuner en paix.&#8221;<\/em><\/p>\n\n\n\n<p class=\"wp-block-paragraph\" style=\"font-size:15px\"><strong><mark style=\"background-color:rgba(0, 0, 0, 0)\" class=\"has-inline-color has-colibri-color-4-color\">Cr\u00e9ation le 31 octobre 2024 au Th\u00e9\u00e2tre de Carouge<\/mark><\/strong><\/p>\n","protected":false},"excerpt":{"rendered":"<p>Stefan Eicher est l\u2019un de nos chanteurs suisses les plus connus\u2026 mais il semblerait qu\u2019il ait aussi eu envie de faire du th\u00e9\u00e2tre. \u00c0 ses c\u00f4t\u00e9s, Fran\u00e7ois Gr\u00e9maud, metteur en sc\u00e8ne inventif \u00e0 l\u2019origine notamment de Ph\u00e8dre ! et Giselle\u2026, cr\u00e9\u00e9 cette rencontre. Ensemble, ils livrent une forme d\u00e9licate de th\u00e9\u00e2tre-concert : Stefan Eicher y [&hellip;]<\/p>\n","protected":false},"author":1,"featured_media":20338,"comment_status":"closed","ping_status":"open","sticky":false,"template":"","format":"standard","meta":{"_jetpack_newsletter_access":"","_jetpack_dont_email_post_to_subs":false,"_jetpack_newsletter_tier_id":0,"_jetpack_memberships_contains_paywalled_content":false,"_jetpack_feature_clip_id":0,"_jetpack_memberships_contains_paid_content":false,"footnotes":"","jetpack_post_was_ever_published":false},"categories":[266],"tags":[171,47,98],"class_list":["post-20195","post","type-post","status-publish","format-standard","has-post-thumbnail","hentry","category-theatre-de-carouge","tag-emotions","tag-humour","tag-life"],"jetpack_sharing_enabled":true,"jetpack_featured_media_url":"https:\/\/i0.wp.com\/redheadwithabrain.ch\/wp-content\/uploads\/2026\/02\/matthijs-smit-N-VDzD5z71E-unsplash-scaled.jpg?fit=1707%2C2560&ssl=1","_links":{"self":[{"href":"https:\/\/redheadwithabrain.ch\/index.php\/wp-json\/wp\/v2\/posts\/20195","targetHints":{"allow":["GET"]}}],"collection":[{"href":"https:\/\/redheadwithabrain.ch\/index.php\/wp-json\/wp\/v2\/posts"}],"about":[{"href":"https:\/\/redheadwithabrain.ch\/index.php\/wp-json\/wp\/v2\/types\/post"}],"author":[{"embeddable":true,"href":"https:\/\/redheadwithabrain.ch\/index.php\/wp-json\/wp\/v2\/users\/1"}],"replies":[{"embeddable":true,"href":"https:\/\/redheadwithabrain.ch\/index.php\/wp-json\/wp\/v2\/comments?post=20195"}],"version-history":[{"count":3,"href":"https:\/\/redheadwithabrain.ch\/index.php\/wp-json\/wp\/v2\/posts\/20195\/revisions"}],"predecessor-version":[{"id":20339,"href":"https:\/\/redheadwithabrain.ch\/index.php\/wp-json\/wp\/v2\/posts\/20195\/revisions\/20339"}],"wp:featuredmedia":[{"embeddable":true,"href":"https:\/\/redheadwithabrain.ch\/index.php\/wp-json\/wp\/v2\/media\/20338"}],"wp:attachment":[{"href":"https:\/\/redheadwithabrain.ch\/index.php\/wp-json\/wp\/v2\/media?parent=20195"}],"wp:term":[{"taxonomy":"category","embeddable":true,"href":"https:\/\/redheadwithabrain.ch\/index.php\/wp-json\/wp\/v2\/categories?post=20195"},{"taxonomy":"post_tag","embeddable":true,"href":"https:\/\/redheadwithabrain.ch\/index.php\/wp-json\/wp\/v2\/tags?post=20195"}],"curies":[{"name":"wp","href":"https:\/\/api.w.org\/{rel}","templated":true}]}}