{"id":20388,"date":"2026-02-28T09:31:13","date_gmt":"2026-02-28T08:31:13","guid":{"rendered":"https:\/\/redheadwithabrain.ch\/?p=20388"},"modified":"2026-03-02T16:35:05","modified_gmt":"2026-03-02T15:35:05","slug":"israel-mohamed-israel-galvan-mohamed-el-khatib-2025","status":"publish","type":"post","link":"https:\/\/redheadwithabrain.ch\/index.php\/2026\/02\/28\/israel-mohamed-israel-galvan-mohamed-el-khatib-2025\/","title":{"rendered":"Israel &amp; Mohamed &#8211; Israel Galv\u00e1n &amp; Mohamed El Khatib (2025)"},"content":{"rendered":"\n<p class=\"wp-block-paragraph\">Israel Galv\u00e1n est un danseur de flamenco, mais d\u2019un flamenco bien \u00e0 lui : th\u00e9\u00e2tral, d\u00e9construit, parfois d\u00e9routant, souvent dr\u00f4le. Mohamed El Khatib, metteur en sc\u00e8ne que j\u2019appr\u00e9cie \u00e9norm\u00e9ment depuis que j\u2019ai vu <a href=\"https:\/\/redheadwithabrain.ch\/index.php\/2024\/12\/05\/boule-a-neige-patrick-boucheron-mohamed-el-khatib-2024\/\">Boule \u00e0 neige<\/a> \u00e0 la Com\u00e9die de Gen\u00e8ve, signe ici une cr\u00e9ation particuli\u00e8re. R\u00e9unir ces deux pr\u00e9noms dans un m\u00eame titre, c\u2019est raconter en miroir la difficult\u00e9 d\u2019une r\u00e9conciliation avec leurs p\u00e8res &#8211; et surtout avec la religion de ceux-ci, ainsi qu\u2019avec la honte qu\u2019ils \u00e9prouvent face au m\u00e9tier artistique de leurs fils. La pi\u00e8ce se construit en parall\u00e8le, m\u00ealant interviews des p\u00e8res et pr\u00e9sence sc\u00e9nique des deux artistes. Deux autels occupent le plateau, charg\u00e9s d\u2019objets symboliques appartenant \u00e0 leurs g\u00e9niteurs. Le spectacle oscille entre \u00e9motion, rires et moments de tristesse teint\u00e9e de col\u00e8re envers ces p\u00e8res qui doutent encore. Un spectacle profond\u00e9ment humain, sensible et magnifique.<\/p>\n\n\n\n<p class=\"wp-block-paragraph\"><em>&#8220;Avec tes amis, vous disiez: \u00abC\u2019est important de dresser nos enfants.\u00bb Vous \u00e9tiez terroris\u00e9s \u00e0 l\u2019id\u00e9e qu\u2019on puisse sombrer dans la drogue, les trafics, et donc il fallait \u00e9duquer. Maria Montessori n\u2019est jamais arriv\u00e9e jusqu\u2019\u00e0 vous. Elle aurait \u00e9t\u00e9 bien accueillie, c\u2019est s\u00fbr.<br>Un jour, tu as donn\u00e9 ta d\u00e9finition de la p\u00e9dagogie \u00e0 M. Amarzguioui; tu lui as dit: \u00abLes enfants, c\u2019est comme les tomates, pour que \u00e7a pousse droit, il faut les attacher \u00e0 un tuteur.\u00bb<br>Et c\u2019est ce que tu as fait.<br>La fois o\u00f9 enfant j\u2019ai jet\u00e9 des pierres sur la voiture de M. Fayad.<br>Tu m\u2019as attach\u00e9 \u00e0 mon lit, dans la chambre.<br>Tu ne m\u2019as jamais demand\u00e9 pourquoi j\u2019avais jet\u00e9 des pierres sur sa voiture.&#8221;<\/em><\/p>\n\n\n\n<p class=\"wp-block-paragraph\" style=\"font-size:15px\"><strong><mark style=\"background-color:rgba(0, 0, 0, 0)\" class=\"has-inline-color has-colibri-color-4-color\">Cr\u00e9ation le 10 juillet 2025, au Festival d\u2019Avignon<\/mark><\/strong><\/p>\n","protected":false},"excerpt":{"rendered":"<p>Israel Galv\u00e1n est un danseur de flamenco, mais d\u2019un flamenco bien \u00e0 lui : th\u00e9\u00e2tral, d\u00e9construit, parfois d\u00e9routant, souvent dr\u00f4le. Mohamed El Khatib, metteur en sc\u00e8ne que j\u2019appr\u00e9cie \u00e9norm\u00e9ment depuis que j\u2019ai vu Boule \u00e0 neige \u00e0 la Com\u00e9die de Gen\u00e8ve, signe ici une cr\u00e9ation particuli\u00e8re. R\u00e9unir ces deux pr\u00e9noms dans un m\u00eame titre, c\u2019est [&hellip;]<\/p>\n","protected":false},"author":1,"featured_media":20389,"comment_status":"closed","ping_status":"open","sticky":false,"template":"","format":"standard","meta":{"_jetpack_newsletter_access":"","_jetpack_dont_email_post_to_subs":false,"_jetpack_newsletter_tier_id":0,"_jetpack_memberships_contains_paywalled_content":false,"_jetpack_feature_clip_id":0,"_jetpack_memberships_contains_paid_content":false,"footnotes":"","jetpack_post_was_ever_published":false},"categories":[268],"tags":[126,47,219],"class_list":["post-20388","post","type-post","status-publish","format-standard","has-post-thumbnail","hentry","category-comedie-de-geneve","tag-father","tag-humour","tag-shame"],"jetpack_sharing_enabled":true,"jetpack_featured_media_url":"https:\/\/i0.wp.com\/redheadwithabrain.ch\/wp-content\/uploads\/2026\/03\/mana5280-ktC55rClFAs-unsplash-scaled.jpg?fit=1707%2C2560&ssl=1","_links":{"self":[{"href":"https:\/\/redheadwithabrain.ch\/index.php\/wp-json\/wp\/v2\/posts\/20388","targetHints":{"allow":["GET"]}}],"collection":[{"href":"https:\/\/redheadwithabrain.ch\/index.php\/wp-json\/wp\/v2\/posts"}],"about":[{"href":"https:\/\/redheadwithabrain.ch\/index.php\/wp-json\/wp\/v2\/types\/post"}],"author":[{"embeddable":true,"href":"https:\/\/redheadwithabrain.ch\/index.php\/wp-json\/wp\/v2\/users\/1"}],"replies":[{"embeddable":true,"href":"https:\/\/redheadwithabrain.ch\/index.php\/wp-json\/wp\/v2\/comments?post=20388"}],"version-history":[{"count":2,"href":"https:\/\/redheadwithabrain.ch\/index.php\/wp-json\/wp\/v2\/posts\/20388\/revisions"}],"predecessor-version":[{"id":20396,"href":"https:\/\/redheadwithabrain.ch\/index.php\/wp-json\/wp\/v2\/posts\/20388\/revisions\/20396"}],"wp:featuredmedia":[{"embeddable":true,"href":"https:\/\/redheadwithabrain.ch\/index.php\/wp-json\/wp\/v2\/media\/20389"}],"wp:attachment":[{"href":"https:\/\/redheadwithabrain.ch\/index.php\/wp-json\/wp\/v2\/media?parent=20388"}],"wp:term":[{"taxonomy":"category","embeddable":true,"href":"https:\/\/redheadwithabrain.ch\/index.php\/wp-json\/wp\/v2\/categories?post=20388"},{"taxonomy":"post_tag","embeddable":true,"href":"https:\/\/redheadwithabrain.ch\/index.php\/wp-json\/wp\/v2\/tags?post=20388"}],"curies":[{"name":"wp","href":"https:\/\/api.w.org\/{rel}","templated":true}]}}