{"id":2052,"date":"2021-01-23T19:44:24","date_gmt":"2021-01-23T18:44:24","guid":{"rendered":"https:\/\/redheadwithabrain.ch\/?p=2052"},"modified":"2021-01-24T20:59:00","modified_gmt":"2021-01-24T19:59:00","slug":"minuscules-la-vallee-des-fourmis-perdues-thomas-szabo-helene-giraud-2014","status":"publish","type":"post","link":"https:\/\/redheadwithabrain.ch\/index.php\/2021\/01\/23\/minuscules-la-vallee-des-fourmis-perdues-thomas-szabo-helene-giraud-2014\/","title":{"rendered":"Minuscules. La Vall\u00e9e des fourmis perdues &#8211; Thomas Szabo &#038; H\u00e9l\u00e8ne Giraud (2014)"},"content":{"rendered":"\n<p class=\"wp-block-paragraph\">Une vraie histoire d&#8217;aventure et de h\u00e9ros. Des fourmis noires d\u00e9couvrent un pique-nique abandonn\u00e9 et un vrai tr\u00e9sor, une \u00e9norme bo\u00eete de sucre. Ce qu&#8217;elles ne savent pas est que la bo\u00eete de sucre cache une petite coccinelle qui a perdu ses parents. Le chef des fourmis noires se lie d&#8217;amiti\u00e9 avec elle et elle suit leur p\u00e9riple. Les fourmis ram\u00e8nent tant bien que mal cette bo\u00eete de sucre \u00e0 leur fourmili\u00e8re mais sont attaqu\u00e9es par toute une arm\u00e9e de fourmis rouges qui les avaient rep\u00e9r\u00e9es d\u00e9j\u00e0 en chemin. Elles ne s&#8217;en sortent que gr\u00e2ce \u00e0 la courageuse coccinelle qui arrive \u00e0 trouver des allumettes pour allumer des feux d&#8217;artifice qui chassent les fourmis rouges. Joli film avec des images de synth\u00e8se sur des vrais paysages de campagne. Histoire toute mignonne.<\/p>\n\n\n\n<p class=\"has-text-align-center wp-block-paragraph\"><em>&#8220;Di dou da da bibi bou ba ?&#8221;<br>Tututut titi tatatout ?<br>Didoud.&#8221;<\/em><\/p>\n","protected":false},"excerpt":{"rendered":"<p>Une vraie histoire d&#8217;aventure et de h\u00e9ros. Des fourmis noires d\u00e9couvrent un pique-nique abandonn\u00e9 et un vrai tr\u00e9sor, une \u00e9norme bo\u00eete de sucre. Ce qu&#8217;elles ne savent pas est que la bo\u00eete de sucre cache une petite coccinelle qui a perdu ses parents. Le chef des fourmis noires se lie d&#8217;amiti\u00e9 avec elle et elle [&hellip;]<\/p>\n","protected":false},"author":1,"featured_media":2078,"comment_status":"closed","ping_status":"open","sticky":false,"template":"","format":"standard","meta":{"_jetpack_newsletter_access":"","_jetpack_dont_email_post_to_subs":false,"_jetpack_newsletter_tier_id":0,"_jetpack_memberships_contains_paywalled_content":false,"_jetpack_feature_clip_id":0,"_jetpack_memberships_contains_paid_content":false,"footnotes":"","jetpack_post_was_ever_published":false},"categories":[1],"tags":[69,36,28],"class_list":["post-2052","post","type-post","status-publish","format-standard","has-post-thumbnail","hentry","category-films-2021","tag-courage","tag-friendship","tag-nature"],"jetpack_sharing_enabled":true,"jetpack_featured_media_url":"https:\/\/i0.wp.com\/redheadwithabrain.ch\/wp-content\/uploads\/2021\/01\/mi_shots-8SJwz4nk7FA-unsplash-scaled.jpg?fit=2560%2C1501&ssl=1","_links":{"self":[{"href":"https:\/\/redheadwithabrain.ch\/index.php\/wp-json\/wp\/v2\/posts\/2052","targetHints":{"allow":["GET"]}}],"collection":[{"href":"https:\/\/redheadwithabrain.ch\/index.php\/wp-json\/wp\/v2\/posts"}],"about":[{"href":"https:\/\/redheadwithabrain.ch\/index.php\/wp-json\/wp\/v2\/types\/post"}],"author":[{"embeddable":true,"href":"https:\/\/redheadwithabrain.ch\/index.php\/wp-json\/wp\/v2\/users\/1"}],"replies":[{"embeddable":true,"href":"https:\/\/redheadwithabrain.ch\/index.php\/wp-json\/wp\/v2\/comments?post=2052"}],"version-history":[{"count":2,"href":"https:\/\/redheadwithabrain.ch\/index.php\/wp-json\/wp\/v2\/posts\/2052\/revisions"}],"predecessor-version":[{"id":2073,"href":"https:\/\/redheadwithabrain.ch\/index.php\/wp-json\/wp\/v2\/posts\/2052\/revisions\/2073"}],"wp:featuredmedia":[{"embeddable":true,"href":"https:\/\/redheadwithabrain.ch\/index.php\/wp-json\/wp\/v2\/media\/2078"}],"wp:attachment":[{"href":"https:\/\/redheadwithabrain.ch\/index.php\/wp-json\/wp\/v2\/media?parent=2052"}],"wp:term":[{"taxonomy":"category","embeddable":true,"href":"https:\/\/redheadwithabrain.ch\/index.php\/wp-json\/wp\/v2\/categories?post=2052"},{"taxonomy":"post_tag","embeddable":true,"href":"https:\/\/redheadwithabrain.ch\/index.php\/wp-json\/wp\/v2\/tags?post=2052"}],"curies":[{"name":"wp","href":"https:\/\/api.w.org\/{rel}","templated":true}]}}