{"id":21024,"date":"2026-03-26T14:51:00","date_gmt":"2026-03-26T13:51:00","guid":{"rendered":"https:\/\/redheadwithabrain.ch\/?p=21024"},"modified":"2026-04-01T08:55:51","modified_gmt":"2026-04-01T06:55:51","slug":"freres-alexandre-jardin-2023","status":"publish","type":"post","link":"https:\/\/redheadwithabrain.ch\/index.php\/2026\/03\/26\/freres-alexandre-jardin-2023\/","title":{"rendered":"Fr\u00e8res &#8211; Alexandre Jardin (2023)"},"content":{"rendered":"\n<p class=\"wp-block-paragraph\">Emmanuel Jardin, fr\u00e8re d\u2019Alexandre et son a\u00een\u00e9 de deux ans : une complicit\u00e9 d\u2019enfance, des tensions, mais surtout un lien profond. Jusqu\u2019au jour o\u00f9 ce fr\u00e8re, fragile et \u00e9pris de libert\u00e9, met fin \u00e0 ses jours. Alexandre raconte alors le deuil, la culpabilit\u00e9 et l\u2019absence. Cela faisait longtemps que je n\u2019avais pas lu Alexandre Jardin. On peut lui reprocher de puiser sans cesse dans son histoire familiale, mais cette mati\u00e8re semble in\u00e9puisable. L\u2019\u00e9criture, simple et \u00e9mouvante, fr\u00f4le parfois le pathos, mais peut-on vraiment lui reprocher cela\u00a0? Un r\u00e9cit touchant, celui d\u2019un fr\u00e8re qui semblait \u00e0 peine avoir eu le temps d\u2019exister, emport\u00e9 trop t\u00f4t.<\/p>\n\n\n\n<p class=\"wp-block-paragraph\"><em>&#8220;En r\u00e9alit\u00e9, personne ne consent \u00e0 penser l\u2019impensable. On r\u00e9trop\u00e9dale devant l\u2019horreur possible, l\u2019irr\u00e9m\u00e9diable offense du destin. Si nous acceptions d\u2019embl\u00e9e l\u2019hypoth\u00e8se du pire, l\u2019optimisme qui soutient la vie s\u2019effacerait sans doute et c\u2019en serait fini de l\u2019avenir.&#8221;<\/em><\/p>\n","protected":false},"excerpt":{"rendered":"<p>Emmanuel Jardin, fr\u00e8re d\u2019Alexandre et son a\u00een\u00e9 de deux ans : une complicit\u00e9 d\u2019enfance, des tensions, mais surtout un lien profond. Jusqu\u2019au jour o\u00f9 ce fr\u00e8re, fragile et \u00e9pris de libert\u00e9, met fin \u00e0 ses jours. Alexandre raconte alors le deuil, la culpabilit\u00e9 et l\u2019absence. Cela faisait longtemps que je n\u2019avais pas lu Alexandre Jardin. [&hellip;]<\/p>\n","protected":false},"author":1,"featured_media":21136,"comment_status":"closed","ping_status":"open","sticky":false,"template":"","format":"standard","meta":{"_jetpack_newsletter_access":"","_jetpack_dont_email_post_to_subs":false,"_jetpack_newsletter_tier_id":0,"_jetpack_memberships_contains_paywalled_content":false,"_jetpack_feature_clip_id":0,"_jetpack_memberships_contains_paid_content":false,"footnotes":"","jetpack_post_was_ever_published":false},"categories":[291,293,294],"tags":[56,57,167],"class_list":["post-21024","post","type-post","status-publish","format-standard","has-post-thumbnail","hentry","category-books-2026","category-challenge-riquiqui-2026","category-challenge-solidaire-2026","tag-death","tag-memories","tag-siblings"],"jetpack_sharing_enabled":true,"jetpack_featured_media_url":"https:\/\/i0.wp.com\/redheadwithabrain.ch\/wp-content\/uploads\/2026\/04\/jessica-v-qpqytteKr48-unsplash-scaled-e1775026694211.jpg?fit=2560%2C1293&ssl=1","_links":{"self":[{"href":"https:\/\/redheadwithabrain.ch\/index.php\/wp-json\/wp\/v2\/posts\/21024","targetHints":{"allow":["GET"]}}],"collection":[{"href":"https:\/\/redheadwithabrain.ch\/index.php\/wp-json\/wp\/v2\/posts"}],"about":[{"href":"https:\/\/redheadwithabrain.ch\/index.php\/wp-json\/wp\/v2\/types\/post"}],"author":[{"embeddable":true,"href":"https:\/\/redheadwithabrain.ch\/index.php\/wp-json\/wp\/v2\/users\/1"}],"replies":[{"embeddable":true,"href":"https:\/\/redheadwithabrain.ch\/index.php\/wp-json\/wp\/v2\/comments?post=21024"}],"version-history":[{"count":2,"href":"https:\/\/redheadwithabrain.ch\/index.php\/wp-json\/wp\/v2\/posts\/21024\/revisions"}],"predecessor-version":[{"id":21137,"href":"https:\/\/redheadwithabrain.ch\/index.php\/wp-json\/wp\/v2\/posts\/21024\/revisions\/21137"}],"wp:featuredmedia":[{"embeddable":true,"href":"https:\/\/redheadwithabrain.ch\/index.php\/wp-json\/wp\/v2\/media\/21136"}],"wp:attachment":[{"href":"https:\/\/redheadwithabrain.ch\/index.php\/wp-json\/wp\/v2\/media?parent=21024"}],"wp:term":[{"taxonomy":"category","embeddable":true,"href":"https:\/\/redheadwithabrain.ch\/index.php\/wp-json\/wp\/v2\/categories?post=21024"},{"taxonomy":"post_tag","embeddable":true,"href":"https:\/\/redheadwithabrain.ch\/index.php\/wp-json\/wp\/v2\/tags?post=21024"}],"curies":[{"name":"wp","href":"https:\/\/api.w.org\/{rel}","templated":true}]}}