{"id":21138,"date":"2026-04-03T17:33:55","date_gmt":"2026-04-03T15:33:55","guid":{"rendered":"https:\/\/redheadwithabrain.ch\/?p=21138"},"modified":"2026-04-26T16:34:29","modified_gmt":"2026-04-26T14:34:29","slug":"le-dernier-jour-dun-condamne-victor-hugo-1829","status":"publish","type":"post","link":"https:\/\/redheadwithabrain.ch\/index.php\/2026\/04\/03\/le-dernier-jour-dun-condamne-victor-hugo-1829\/","title":{"rendered":"Le dernier jour d&#8217;un condamn\u00e9 &#8211; Victor Hugo (1829)"},"content":{"rendered":"\n<p class=\"wp-block-paragraph\">\u00c9crit sous forme de journal, cette histoire raconte les derni\u00e8res semaines d\u2019un homme promis \u00e0 la guillotine. On ne conna\u00eet ni son nom ni son crime &#8211; et cela importe peu. Ses pens\u00e9es vagabondent sans cesse : sa famille, surtout sa petite fille de trois ans, Dieu, l\u2019absurdit\u00e9 de sa condamnation. Il exprime ses peurs, son incompr\u00e9hension, et s\u2019accroche jusqu\u2019au bout \u00e0 un espoir de gr\u00e2ce. Plaidoyer contre la peine de mort, le texte met en lumi\u00e8re la violence psychologique de l\u2019attente. Et cela reste frappant aujourd\u2019hui encore : ici, le condamn\u00e9 attend six semaines\u2026 quand certains, ailleurs, passent des ann\u00e9es dans le couloir de la mort. Une \u00e9criture tr\u00e8s forte, au service d\u2019un sujet profond\u00e9ment poignant.<\/p>\n\n\n\n<p class=\"wp-block-paragraph\"><em>&#8220;Ils disent que ce n\u2019est rien, qu\u2019on ne souffre pas, que c\u2019est une fin douce, que la mort de cette fa\u00e7on est bien simplifi\u00e9e.<br>Eh ! qu\u2019est-ce donc que cette agonie de six semaines et ce r\u00e2le de tout un jour ? Qu\u2019est-ce que les angoisses de cette journ\u00e9e irr\u00e9parable, qui s\u2019\u00e9coule si lentement et si vite ? Qu\u2019est-ce que cette \u00e9chelle de tortures qui aboutit \u00e0 l\u2019\u00e9chafaud ?<br>Apparemment ce n\u2019est pas l\u00e0 souffrir.<br>Ne sont-ce pas les m\u00eames convulsions, que le sang s\u2019\u00e9puise goutte \u00e0 goutte, ou que l\u2019intelligence s\u2019\u00e9teigne pens\u00e9e \u00e0 pens\u00e9e ?<br>Et puis, on ne souffre pas, en sont-ils s\u00fbrs ? Qui le leur a dit ? Conte-t-on que jamais une t\u00eate coup\u00e9e se soit dress\u00e9e sanglante au bord du panier et qu\u2019elle ait cri\u00e9 au peuple : Cela ne fait pas de mal !<br>Y a-t-il des morts de leur fa\u00e7on qui soient venus les remercier et leur dire : C\u2019est bien invent\u00e9. Tenez-vous-en l\u00e0. La m\u00e9canique est bonne.<br>Est-ce Robespierre ? Est-ce Louis XVI ?\u2026<br>Non, rien ! moins qu\u2019une minute, moins qu\u2019une seconde, et la chose est faite. \u2013 Se sont-ils jamais mis, seulement en pens\u00e9e, \u00e0 la place de celui qui est l\u00e0, au moment o\u00f9 le lourd tranchant qui tombe mord la chair, rompt les nerfs, brise les vert\u00e8bres\u2026 Mais quoi ! une demi-seconde ! la douleur est escamot\u00e9e\u2026<br>Horreur !&#8221;<\/em><\/p>\n","protected":false},"excerpt":{"rendered":"<p>\u00c9crit sous forme de journal, cette histoire raconte les derni\u00e8res semaines d\u2019un homme promis \u00e0 la guillotine. On ne conna\u00eet ni son nom ni son crime &#8211; et cela importe peu. Ses pens\u00e9es vagabondent sans cesse : sa famille, surtout sa petite fille de trois ans, Dieu, l\u2019absurdit\u00e9 de sa condamnation. Il exprime ses peurs, [&hellip;]<\/p>\n","protected":false},"author":1,"featured_media":21182,"comment_status":"closed","ping_status":"open","sticky":false,"template":"","format":"standard","meta":{"_jetpack_newsletter_access":"","_jetpack_dont_email_post_to_subs":false,"_jetpack_newsletter_tier_id":0,"_jetpack_memberships_contains_paywalled_content":false,"_jetpack_feature_clip_id":0,"_jetpack_memberships_contains_paid_content":false,"footnotes":"","jetpack_post_was_ever_published":false},"categories":[291,299,293],"tags":[56,57,190],"class_list":["post-21138","post","type-post","status-publish","format-standard","has-post-thumbnail","hentry","category-books-2026","category-challenge-abc-prenoms-2025-2026","category-challenge-riquiqui-2026","tag-death","tag-memories","tag-violence"],"jetpack_sharing_enabled":true,"jetpack_featured_media_url":"https:\/\/i0.wp.com\/redheadwithabrain.ch\/wp-content\/uploads\/2026\/04\/annie-spratt-d5LUAgR4m5c-unsplash-scaled.jpg?fit=1707%2C2560&ssl=1","_links":{"self":[{"href":"https:\/\/redheadwithabrain.ch\/index.php\/wp-json\/wp\/v2\/posts\/21138","targetHints":{"allow":["GET"]}}],"collection":[{"href":"https:\/\/redheadwithabrain.ch\/index.php\/wp-json\/wp\/v2\/posts"}],"about":[{"href":"https:\/\/redheadwithabrain.ch\/index.php\/wp-json\/wp\/v2\/types\/post"}],"author":[{"embeddable":true,"href":"https:\/\/redheadwithabrain.ch\/index.php\/wp-json\/wp\/v2\/users\/1"}],"replies":[{"embeddable":true,"href":"https:\/\/redheadwithabrain.ch\/index.php\/wp-json\/wp\/v2\/comments?post=21138"}],"version-history":[{"count":2,"href":"https:\/\/redheadwithabrain.ch\/index.php\/wp-json\/wp\/v2\/posts\/21138\/revisions"}],"predecessor-version":[{"id":21183,"href":"https:\/\/redheadwithabrain.ch\/index.php\/wp-json\/wp\/v2\/posts\/21138\/revisions\/21183"}],"wp:featuredmedia":[{"embeddable":true,"href":"https:\/\/redheadwithabrain.ch\/index.php\/wp-json\/wp\/v2\/media\/21182"}],"wp:attachment":[{"href":"https:\/\/redheadwithabrain.ch\/index.php\/wp-json\/wp\/v2\/media?parent=21138"}],"wp:term":[{"taxonomy":"category","embeddable":true,"href":"https:\/\/redheadwithabrain.ch\/index.php\/wp-json\/wp\/v2\/categories?post=21138"},{"taxonomy":"post_tag","embeddable":true,"href":"https:\/\/redheadwithabrain.ch\/index.php\/wp-json\/wp\/v2\/tags?post=21138"}],"curies":[{"name":"wp","href":"https:\/\/api.w.org\/{rel}","templated":true}]}}