{"id":21173,"date":"2026-04-05T15:49:10","date_gmt":"2026-04-05T13:49:10","guid":{"rendered":"https:\/\/redheadwithabrain.ch\/?p=21173"},"modified":"2026-04-07T16:03:08","modified_gmt":"2026-04-07T14:03:08","slug":"lanomalie-du-train-006-pascal-fioretto-2021","status":"publish","type":"post","link":"https:\/\/redheadwithabrain.ch\/index.php\/2026\/04\/05\/lanomalie-du-train-006-pascal-fioretto-2021\/","title":{"rendered":"L&#8217;anomalie du train 006 &#8211; Pascal Fioretto (2021)"},"content":{"rendered":"\n<p class=\"wp-block-paragraph\">Pastiche de L\u2019anomalie d\u2019Herv\u00e9 Le Tellier, ce petit roman suit les m\u00e9saventures de quelques \u00e9crivains en route pour Brive-la-Gaillarde pour le prix Goncourt. On y croise Jo\u00ebl Dicker, Virginie Despentes, Emmanuel Carr\u00e8re, Aur\u00e9lie Valognes, Sylvain Tesson et Herv\u00e9 Le Tellier, avec des clins d\u2019\u0153il \u00e0 Guillaume Musso ou Marc L\u00e9vy. Chaque chapitre imite le style de l\u2019auteur mis en sc\u00e8ne, en for\u00e7ant le trait pour que ce soit dr\u00f4le \u2014 et \u00e7a marche tr\u00e8s bien. Les styles sont hyper reconnaissables, et le jeu est vraiment r\u00e9ussi. L\u2019histoire est assez loufoque, mais c\u2019est justement ce qui fait le charme du livre. Une petite lecture l\u00e9g\u00e8re, originale et tr\u00e8s sympa.<\/p>\n\n\n\n<p class=\"wp-block-paragraph\"><em>&#8220;Depuis, Jo\u00ebl \u00e9crit. Et il n\u2019\u00e9crit pas pour les edelweiss du pic Zweissfl\u00fcghst ou les saint-bernard de la Chaux-de-Fonds mais pour des millions de lecteurs \u00e0 travers le monde. C\u2019est \u00e0 eux seuls qu\u2019il doit sa montre Jaeger-LeCoultre, sa Smart Gran Turismo, son \u00e9pouse quadrilingue, ses Weston de randonn\u00e9e, sa banque priv\u00e9e et sa chocolaterie personnelle qui produit les meilleurs Toblerone de tout le canton.&#8221;<\/em><\/p>\n","protected":false},"excerpt":{"rendered":"<p>Pastiche de L\u2019anomalie d\u2019Herv\u00e9 Le Tellier, ce petit roman suit les m\u00e9saventures de quelques \u00e9crivains en route pour Brive-la-Gaillarde pour le prix Goncourt. On y croise Jo\u00ebl Dicker, Virginie Despentes, Emmanuel Carr\u00e8re, Aur\u00e9lie Valognes, Sylvain Tesson et Herv\u00e9 Le Tellier, avec des clins d\u2019\u0153il \u00e0 Guillaume Musso ou Marc L\u00e9vy. Chaque chapitre imite le style [&hellip;]<\/p>\n","protected":false},"author":1,"featured_media":21177,"comment_status":"closed","ping_status":"open","sticky":false,"template":"","format":"standard","meta":{"_jetpack_newsletter_access":"","_jetpack_dont_email_post_to_subs":false,"_jetpack_newsletter_tier_id":0,"_jetpack_memberships_contains_paywalled_content":false,"_jetpack_feature_clip_id":0,"_jetpack_memberships_contains_paid_content":false,"footnotes":"","jetpack_post_was_ever_published":false},"categories":[291,293],"tags":[47,48,27],"class_list":["post-21173","post","type-post","status-publish","format-standard","has-post-thumbnail","hentry","category-books-2026","category-challenge-riquiqui-2026","tag-humour","tag-weirdness","tag-writing"],"jetpack_sharing_enabled":true,"jetpack_featured_media_url":"https:\/\/i0.wp.com\/redheadwithabrain.ch\/wp-content\/uploads\/2026\/04\/denis-chick-mHqIs22M2Kw-unsplash-scaled.jpg?fit=2560%2C1700&ssl=1","_links":{"self":[{"href":"https:\/\/redheadwithabrain.ch\/index.php\/wp-json\/wp\/v2\/posts\/21173","targetHints":{"allow":["GET"]}}],"collection":[{"href":"https:\/\/redheadwithabrain.ch\/index.php\/wp-json\/wp\/v2\/posts"}],"about":[{"href":"https:\/\/redheadwithabrain.ch\/index.php\/wp-json\/wp\/v2\/types\/post"}],"author":[{"embeddable":true,"href":"https:\/\/redheadwithabrain.ch\/index.php\/wp-json\/wp\/v2\/users\/1"}],"replies":[{"embeddable":true,"href":"https:\/\/redheadwithabrain.ch\/index.php\/wp-json\/wp\/v2\/comments?post=21173"}],"version-history":[{"count":3,"href":"https:\/\/redheadwithabrain.ch\/index.php\/wp-json\/wp\/v2\/posts\/21173\/revisions"}],"predecessor-version":[{"id":21176,"href":"https:\/\/redheadwithabrain.ch\/index.php\/wp-json\/wp\/v2\/posts\/21173\/revisions\/21176"}],"wp:featuredmedia":[{"embeddable":true,"href":"https:\/\/redheadwithabrain.ch\/index.php\/wp-json\/wp\/v2\/media\/21177"}],"wp:attachment":[{"href":"https:\/\/redheadwithabrain.ch\/index.php\/wp-json\/wp\/v2\/media?parent=21173"}],"wp:term":[{"taxonomy":"category","embeddable":true,"href":"https:\/\/redheadwithabrain.ch\/index.php\/wp-json\/wp\/v2\/categories?post=21173"},{"taxonomy":"post_tag","embeddable":true,"href":"https:\/\/redheadwithabrain.ch\/index.php\/wp-json\/wp\/v2\/tags?post=21173"}],"curies":[{"name":"wp","href":"https:\/\/api.w.org\/{rel}","templated":true}]}}