{"id":21276,"date":"2026-04-08T15:22:33","date_gmt":"2026-04-08T13:22:33","guid":{"rendered":"https:\/\/redheadwithabrain.ch\/?p=21276"},"modified":"2026-04-11T10:10:47","modified_gmt":"2026-04-11T08:10:47","slug":"la-linea-della-palma-fulvio-bernasconi-2026","status":"publish","type":"post","link":"https:\/\/redheadwithabrain.ch\/index.php\/2026\/04\/08\/la-linea-della-palma-fulvio-bernasconi-2026\/","title":{"rendered":"La Linea Della Palma &#8211; Fulvio Bernasconi (2026)"},"content":{"rendered":"\n<p class=\"wp-block-paragraph\">Cette s\u00e9rie s\u2019inspire d\u2019un fait r\u00e9el : en 1969, <em>La Nativit\u00e9 avec saint Fran\u00e7ois et saint Laurent<\/em>, chef-d\u2019\u0153uvre du Caravage peint en 1609, est d\u00e9rob\u00e9e \u00e0 l\u2019oratoire San Lorenzo de Palerme, en Sicile. \u00c0 ce jour, le tableau n\u2019a jamais \u00e9t\u00e9 retrouv\u00e9, et la mafia est fortement soup\u00e7onn\u00e9e d\u2019avoir orchestr\u00e9 le vol. Le reste rel\u00e8ve de la fiction. Anna, journaliste, apprend que la police a d\u00e9couvert le corps de son p\u00e8re, disparu depuis trente ans, dans sa voiture au fond du lac de Lugano. Elle se lance alors dans une enqu\u00eate pour \u00e9lucider ce myst\u00e8re et comprendre ce qui s\u2019est r\u00e9ellement pass\u00e9. Les \u00e9pisodes naviguent avec fluidit\u00e9 entre pass\u00e9 et pr\u00e9sent, maintenant un suspense constant au c\u0153ur d\u2019une intrigue assez complexe. Port\u00e9e par une palette de couleurs ma\u00eetris\u00e9e, la s\u00e9rie offre \u00e9galement de superbes images de Lugano. Une tr\u00e8s belle r\u00e9ussite.<\/p>\n\n\n\n<p class=\"wp-block-paragraph\"><em>&#8220;Per il riscaldamento del pianeta, la linea di crescita delle palme sale verso il nord&#8230; anche la linea della mafia sale ogni anno. <\/em><br><em>Fra un certo numero di anni, vedremo nascere le palme anche dove oggi non esistono.&#8221;<br>Leonardo Sciascia (1921-1989)<\/em><\/p>\n\n\n\n<p class=\"wp-block-paragraph\" style=\"font-size:15px\"><strong><mark style=\"background-color:rgba(0, 0, 0, 0)\" class=\"has-inline-color has-colibri-color-4-color\">Six \u00e9pisodes d&#8217;environ 45 minutes<\/mark><\/strong><\/p>\n\n\n\n<p class=\"wp-block-paragraph\" style=\"font-size:15px\">\u00c9pisode 1. Retour \u00e0 la maison<br>\u00c9pisode 2. Zone franche<br>\u00c9pisode 3. Suivez l&#8217;argent<br>\u00c9pisode 4. Le Caravage<br>\u00c9pisode 5. Le pacte<br>\u00c9pisode 6. Reunion de famille<\/p>\n\n\n\n<p class=\"wp-block-paragraph\" style=\"font-size:15px\"><strong><mark style=\"background-color:rgba(0, 0, 0, 0)\" class=\"has-inline-color has-colibri-color-4-color\">Version originale en Italien &#8211; regard\u00e9 en fran\u00e7ais.<\/mark><\/strong><\/p>\n","protected":false},"excerpt":{"rendered":"<p>Cette s\u00e9rie s\u2019inspire d\u2019un fait r\u00e9el : en 1969, La Nativit\u00e9 avec saint Fran\u00e7ois et saint Laurent, chef-d\u2019\u0153uvre du Caravage peint en 1609, est d\u00e9rob\u00e9e \u00e0 l\u2019oratoire San Lorenzo de Palerme, en Sicile. \u00c0 ce jour, le tableau n\u2019a jamais \u00e9t\u00e9 retrouv\u00e9, et la mafia est fortement soup\u00e7onn\u00e9e d\u2019avoir orchestr\u00e9 le vol. Le reste rel\u00e8ve [&hellip;]<\/p>\n","protected":false},"author":1,"featured_media":21281,"comment_status":"closed","ping_status":"open","sticky":false,"template":"","format":"standard","meta":{"_jetpack_newsletter_access":"","_jetpack_dont_email_post_to_subs":false,"_jetpack_newsletter_tier_id":0,"_jetpack_memberships_contains_paywalled_content":false,"_jetpack_feature_clip_id":0,"_jetpack_memberships_contains_paid_content":false,"footnotes":"","jetpack_post_was_ever_published":false},"categories":[4],"tags":[86,59,19],"class_list":["post-21276","post","type-post","status-publish","format-standard","has-post-thumbnail","hentry","category-series","tag-betrayal","tag-crime","tag-love"],"jetpack_sharing_enabled":true,"jetpack_featured_media_url":"https:\/\/i0.wp.com\/redheadwithabrain.ch\/wp-content\/uploads\/2026\/04\/brice-cooper-AWEbj_QyXoM-unsplash-scaled.jpg?fit=1706%2C2560&ssl=1","_links":{"self":[{"href":"https:\/\/redheadwithabrain.ch\/index.php\/wp-json\/wp\/v2\/posts\/21276","targetHints":{"allow":["GET"]}}],"collection":[{"href":"https:\/\/redheadwithabrain.ch\/index.php\/wp-json\/wp\/v2\/posts"}],"about":[{"href":"https:\/\/redheadwithabrain.ch\/index.php\/wp-json\/wp\/v2\/types\/post"}],"author":[{"embeddable":true,"href":"https:\/\/redheadwithabrain.ch\/index.php\/wp-json\/wp\/v2\/users\/1"}],"replies":[{"embeddable":true,"href":"https:\/\/redheadwithabrain.ch\/index.php\/wp-json\/wp\/v2\/comments?post=21276"}],"version-history":[{"count":2,"href":"https:\/\/redheadwithabrain.ch\/index.php\/wp-json\/wp\/v2\/posts\/21276\/revisions"}],"predecessor-version":[{"id":21282,"href":"https:\/\/redheadwithabrain.ch\/index.php\/wp-json\/wp\/v2\/posts\/21276\/revisions\/21282"}],"wp:featuredmedia":[{"embeddable":true,"href":"https:\/\/redheadwithabrain.ch\/index.php\/wp-json\/wp\/v2\/media\/21281"}],"wp:attachment":[{"href":"https:\/\/redheadwithabrain.ch\/index.php\/wp-json\/wp\/v2\/media?parent=21276"}],"wp:term":[{"taxonomy":"category","embeddable":true,"href":"https:\/\/redheadwithabrain.ch\/index.php\/wp-json\/wp\/v2\/categories?post=21276"},{"taxonomy":"post_tag","embeddable":true,"href":"https:\/\/redheadwithabrain.ch\/index.php\/wp-json\/wp\/v2\/tags?post=21276"}],"curies":[{"name":"wp","href":"https:\/\/api.w.org\/{rel}","templated":true}]}}