{"id":21360,"date":"2026-04-16T20:19:25","date_gmt":"2026-04-16T18:19:25","guid":{"rendered":"https:\/\/redheadwithabrain.ch\/?p=21360"},"modified":"2026-04-22T15:34:41","modified_gmt":"2026-04-22T13:34:41","slug":"les-petites-filles-modernes-titre-provisoire-joel-pommerat-2025","status":"publish","type":"post","link":"https:\/\/redheadwithabrain.ch\/index.php\/2026\/04\/16\/les-petites-filles-modernes-titre-provisoire-joel-pommerat-2025\/","title":{"rendered":"Les Petites Filles modernes (titre provisoire) &#8211; Jo\u00ebl Pommerat (2025)"},"content":{"rendered":"\n<p class=\"wp-block-paragraph\">Joli jeu de mots renvoyant \u00e0 la Comtesse de S\u00e9gur, ces petites filles sont r\u00e9solument modernes. \u00c0 travers l\u2019histoire de deux adolescentes qui s\u2019aiment, la pi\u00e8ce d\u00e9ploie un conte sombre : celui de deux \u00eatres dont les sentiments sont profonds et entiers mais dont le temps ne s\u2019\u00e9coule pas au m\u00eame rythme pour les deux, de deux jeunes filles contraintes de se cacher, d\u2019une tentative de suicide, d\u2019une maison inqui\u00e9tante. On s\u2019y perd volontairement, entre des dimensions multiples o\u00f9 r\u00e9alit\u00e9 et fiction s\u2019entrelacent jusqu\u2019\u00e0 devenir indissociables. Travers\u00e9e par la peur, la douleur et l\u2019amour, cette histoire se r\u00e9v\u00e8le en m\u00eame temps touchante, troublante et bouleversante. J\u2019ai vraiment beaucoup aim\u00e9.<\/p>\n\n\n\n<p class=\"wp-block-paragraph\"><em>&#8220;Bienvenue dans la s\u00e9rie des histoires extraordinaires qui n&#8217;ont pas de fin. Alors \u00e7a commencerait comme \u00e7a, par le plus inconcevable. Une histoire vraie jamais v\u00e9rifi\u00e9e, une r\u00e9v\u00e9lation jamais certifi\u00e9e. Dans d&#8217;autres dimensions du vide, il existerait des mondes tellement diff\u00e9rents qu&#8217;il serait vain d&#8217;essayer de les d\u00e9crire ou de les expliquer. Dans ces mondes-l\u00e0, ce que nous appelons le temps, les distances, le poids, la lumi\u00e8re, l&#8217;ombre et le silence n&#8217;auraient aucune signification.&#8221;<\/em><\/p>\n","protected":false},"excerpt":{"rendered":"<p>Joli jeu de mots renvoyant \u00e0 la Comtesse de S\u00e9gur, ces petites filles sont r\u00e9solument modernes. \u00c0 travers l\u2019histoire de deux adolescentes qui s\u2019aiment, la pi\u00e8ce d\u00e9ploie un conte sombre : celui de deux \u00eatres dont les sentiments sont profonds et entiers mais dont le temps ne s\u2019\u00e9coule pas au m\u00eame rythme pour les deux, [&hellip;]<\/p>\n","protected":false},"author":1,"featured_media":21391,"comment_status":"closed","ping_status":"open","sticky":false,"template":"","format":"standard","meta":{"_jetpack_newsletter_access":"","_jetpack_dont_email_post_to_subs":false,"_jetpack_newsletter_tier_id":0,"_jetpack_memberships_contains_paywalled_content":false,"_jetpack_feature_clip_id":0,"_jetpack_memberships_contains_paid_content":false,"footnotes":"","jetpack_post_was_ever_published":false},"categories":[268],"tags":[20,132,36],"class_list":["post-21360","post","type-post","status-publish","format-standard","has-post-thumbnail","hentry","category-comedie-de-geneve","tag-adolescence","tag-fear","tag-friendship"],"jetpack_sharing_enabled":true,"jetpack_featured_media_url":"https:\/\/i0.wp.com\/redheadwithabrain.ch\/wp-content\/uploads\/2026\/04\/jan-jakub-nanista-z9hvkSDWMIM-unsplash-scaled.jpg?fit=2560%2C1707&ssl=1","_links":{"self":[{"href":"https:\/\/redheadwithabrain.ch\/index.php\/wp-json\/wp\/v2\/posts\/21360","targetHints":{"allow":["GET"]}}],"collection":[{"href":"https:\/\/redheadwithabrain.ch\/index.php\/wp-json\/wp\/v2\/posts"}],"about":[{"href":"https:\/\/redheadwithabrain.ch\/index.php\/wp-json\/wp\/v2\/types\/post"}],"author":[{"embeddable":true,"href":"https:\/\/redheadwithabrain.ch\/index.php\/wp-json\/wp\/v2\/users\/1"}],"replies":[{"embeddable":true,"href":"https:\/\/redheadwithabrain.ch\/index.php\/wp-json\/wp\/v2\/comments?post=21360"}],"version-history":[{"count":5,"href":"https:\/\/redheadwithabrain.ch\/index.php\/wp-json\/wp\/v2\/posts\/21360\/revisions"}],"predecessor-version":[{"id":21405,"href":"https:\/\/redheadwithabrain.ch\/index.php\/wp-json\/wp\/v2\/posts\/21360\/revisions\/21405"}],"wp:featuredmedia":[{"embeddable":true,"href":"https:\/\/redheadwithabrain.ch\/index.php\/wp-json\/wp\/v2\/media\/21391"}],"wp:attachment":[{"href":"https:\/\/redheadwithabrain.ch\/index.php\/wp-json\/wp\/v2\/media?parent=21360"}],"wp:term":[{"taxonomy":"category","embeddable":true,"href":"https:\/\/redheadwithabrain.ch\/index.php\/wp-json\/wp\/v2\/categories?post=21360"},{"taxonomy":"post_tag","embeddable":true,"href":"https:\/\/redheadwithabrain.ch\/index.php\/wp-json\/wp\/v2\/tags?post=21360"}],"curies":[{"name":"wp","href":"https:\/\/api.w.org\/{rel}","templated":true}]}}