{"id":21509,"date":"2026-04-30T12:58:21","date_gmt":"2026-04-30T10:58:21","guid":{"rendered":"https:\/\/redheadwithabrain.ch\/?p=21509"},"modified":"2026-05-05T13:38:03","modified_gmt":"2026-05-05T11:38:03","slug":"feu-au-lac-noe-forissier-et-lou-golaz-marionnettes-de-geneve-2026","status":"publish","type":"post","link":"https:\/\/redheadwithabrain.ch\/index.php\/2026\/04\/30\/feu-au-lac-noe-forissier-et-lou-golaz-marionnettes-de-geneve-2026\/","title":{"rendered":"Feu au Lac &#8211; No\u00e9 Forissier\u00a0et\u00a0Lou Golaz &#8211; Marionnettes de Gen\u00e8ve (2026)"},"content":{"rendered":"\n<p class=\"wp-block-paragraph\">La Suisse, ce petit pays calme et raisonnable ? Ce spectacle montre au contraire combien l\u2019histoire que l\u2019on nous transmet est incompl\u00e8te, travers\u00e9e de multiples r\u00e9voltes souvent oubli\u00e9es. On y d\u00e9couvre notamment une \u00e9meute de paysans \u00e0 Chancy en 1761 contre les procureurs de la commune, les cigari\u00e8res d\u2019Yverdon-les-Bains qui organisent une gr\u00e8ve puis un boycott avant de cr\u00e9er leur propre coop\u00e9rative en 1907, ou encore les ouvriers de la fabrique de pianos Burger &amp; Jacobi qui se soul\u00e8vent contre leurs patrons en 1973. \u00c0 travers des marionnettes \u00e0 tringle, des archives visuelles et sonores, des chants, des interactions avec le public et de nombreux \u00e9chos avec l\u2019actualit\u00e9, le spectacle fait revivre toute une part m\u00e9connue de l\u2019histoire suisse. J\u2019y ai notamment d\u00e9couvert l\u2019existence de Margarethe Faas-Hardegger, premi\u00e8re femme cadre de l\u2019Union syndicale suisse en 1904, et qui est presque un membre de ma famille. J\u2019ai \u00e9t\u00e9 v\u00e9ritablement subjugu\u00e9e par ce spectacle, une fois de plus admirative devant la cr\u00e9ativit\u00e9 et les multiples comp\u00e9tences des artistes.<\/p>\n\n\n\n<p class=\"wp-block-paragraph\"><em>&#8220;La femme est regard\u00e9e comme un \u00eatre inf\u00e9rieur, on lui inflige les travaux les plus p\u00e9nibles sur lesquels on diminue de moiti\u00e9 le salaire qui devrait lui revenir. Car si la femme n&#8217;a pas la force, elle a l&#8217;agilit\u00e9, ce qui \u00e9quivaut au m\u00eame&#8230;&#8221;<\/em><\/p>\n","protected":false},"excerpt":{"rendered":"<p>La Suisse, ce petit pays calme et raisonnable ? Ce spectacle montre au contraire combien l\u2019histoire que l\u2019on nous transmet est incompl\u00e8te, travers\u00e9e de multiples r\u00e9voltes souvent oubli\u00e9es. On y d\u00e9couvre notamment une \u00e9meute de paysans \u00e0 Chancy en 1761 contre les procureurs de la commune, les cigari\u00e8res d\u2019Yverdon-les-Bains qui organisent une gr\u00e8ve puis un [&hellip;]<\/p>\n","protected":false},"author":1,"featured_media":21537,"comment_status":"closed","ping_status":"open","sticky":false,"template":"","format":"standard","meta":{"_jetpack_newsletter_access":"","_jetpack_dont_email_post_to_subs":false,"_jetpack_newsletter_tier_id":0,"_jetpack_memberships_contains_paywalled_content":false,"_jetpack_feature_clip_id":0,"_jetpack_memberships_contains_paid_content":false,"footnotes":"","jetpack_post_was_ever_published":false},"categories":[269],"tags":[14,112,180],"class_list":["post-21509","post","type-post","status-publish","format-standard","has-post-thumbnail","hentry","category-autres","tag-feminism","tag-history","tag-wit"],"jetpack_sharing_enabled":true,"jetpack_featured_media_url":"https:\/\/i0.wp.com\/redheadwithabrain.ch\/wp-content\/uploads\/2026\/05\/neelam-bharti-SiyvQcZvt88-unsplash-scaled.jpg?fit=2560%2C1920&ssl=1","_links":{"self":[{"href":"https:\/\/redheadwithabrain.ch\/index.php\/wp-json\/wp\/v2\/posts\/21509","targetHints":{"allow":["GET"]}}],"collection":[{"href":"https:\/\/redheadwithabrain.ch\/index.php\/wp-json\/wp\/v2\/posts"}],"about":[{"href":"https:\/\/redheadwithabrain.ch\/index.php\/wp-json\/wp\/v2\/types\/post"}],"author":[{"embeddable":true,"href":"https:\/\/redheadwithabrain.ch\/index.php\/wp-json\/wp\/v2\/users\/1"}],"replies":[{"embeddable":true,"href":"https:\/\/redheadwithabrain.ch\/index.php\/wp-json\/wp\/v2\/comments?post=21509"}],"version-history":[{"count":4,"href":"https:\/\/redheadwithabrain.ch\/index.php\/wp-json\/wp\/v2\/posts\/21509\/revisions"}],"predecessor-version":[{"id":21560,"href":"https:\/\/redheadwithabrain.ch\/index.php\/wp-json\/wp\/v2\/posts\/21509\/revisions\/21560"}],"wp:featuredmedia":[{"embeddable":true,"href":"https:\/\/redheadwithabrain.ch\/index.php\/wp-json\/wp\/v2\/media\/21537"}],"wp:attachment":[{"href":"https:\/\/redheadwithabrain.ch\/index.php\/wp-json\/wp\/v2\/media?parent=21509"}],"wp:term":[{"taxonomy":"category","embeddable":true,"href":"https:\/\/redheadwithabrain.ch\/index.php\/wp-json\/wp\/v2\/categories?post=21509"},{"taxonomy":"post_tag","embeddable":true,"href":"https:\/\/redheadwithabrain.ch\/index.php\/wp-json\/wp\/v2\/tags?post=21509"}],"curies":[{"name":"wp","href":"https:\/\/api.w.org\/{rel}","templated":true}]}}