{"id":21598,"date":"2026-05-10T12:01:41","date_gmt":"2026-05-10T10:01:41","guid":{"rendered":"https:\/\/redheadwithabrain.ch\/?p=21598"},"modified":"2026-05-14T13:27:08","modified_gmt":"2026-05-14T11:27:08","slug":"karl-cyril-bonvin-2026","status":"publish","type":"post","link":"https:\/\/redheadwithabrain.ch\/index.php\/2026\/05\/10\/karl-cyril-bonvin-2026\/","title":{"rendered":"Karl &#8211; Cyril Bonvin (2026)"},"content":{"rendered":"\n<p class=\"wp-block-paragraph\">Le p\u00e8re de Magda meurt dans un accident de voiture. Elle h\u00e9rite alors de sa maison, mais aussi de son andro\u00efde. Probl\u00e8me : c\u2019est ce dernier qui conduisait la voiture au moment de l\u2019accident. Les avocats du p\u00e8re veulent donc porter plainte pour homicide. Mais contre qui ? Le fabricant de l&#8217;andro\u00efde ou l&#8217;andro\u00efde lui-m\u00eame ? Les dessins de Cyril Bonin, ainsi que la palette de couleurs utilis\u00e9e, sont magnifiques et donnent \u00e0 l\u2019ensemble une atmosph\u00e8re douce et m\u00e9lancolique. L\u2019histoire est tr\u00e8s touchante, notamment dans la relation qui se cr\u00e9e entre Magda et cet andro\u00efde qui semble d\u00e9velopper une v\u00e9ritable conscience. Le r\u00e9cit soul\u00e8ve ainsi des questions \u00e9thiques et juridiques qui pourraient devenir tr\u00e8s actuelles dans un futur proche. Belle histoire.<\/p>\n\n\n\n<p class=\"wp-block-paragraph\"><em>&#8220;Mon p\u00e8re ne supportait pas le changement. Or la vie, c&#8217;est le changement. \u00c0 tel point que l&#8217;on peut se demander comment on peut dire &#8220;Je&#8221;. Il faudrait presque parler de soi au pluriel. Ce que l&#8217;on a \u00e9t\u00e9 \u00e0 cinq ans, dix ans, vingt ans, cinquante ans&#8230; Sans parler des diff\u00e9rentes facettes qui composent notre personnalit\u00e9&#8230;&#8221;<\/em><\/p>\n\n\n\n<figure class=\"wp-block-image size-large is-resized\"><img data-recalc-dims=\"1\" loading=\"lazy\" decoding=\"async\" width=\"706\" height=\"1024\" src=\"https:\/\/i0.wp.com\/redheadwithabrain.ch\/wp-content\/uploads\/2026\/05\/IMG_1623.jpeg?resize=706%2C1024&#038;ssl=1\" alt=\"\" class=\"wp-image-21616\" style=\"width:840px;height:auto\" srcset=\"https:\/\/i0.wp.com\/redheadwithabrain.ch\/wp-content\/uploads\/2026\/05\/IMG_1623-scaled.jpeg?resize=706%2C1024&amp;ssl=1 706w, https:\/\/i0.wp.com\/redheadwithabrain.ch\/wp-content\/uploads\/2026\/05\/IMG_1623-scaled.jpeg?resize=207%2C300&amp;ssl=1 207w, https:\/\/i0.wp.com\/redheadwithabrain.ch\/wp-content\/uploads\/2026\/05\/IMG_1623-scaled.jpeg?resize=768%2C1113&amp;ssl=1 768w, https:\/\/i0.wp.com\/redheadwithabrain.ch\/wp-content\/uploads\/2026\/05\/IMG_1623-scaled.jpeg?resize=1060%2C1536&amp;ssl=1 1060w, https:\/\/i0.wp.com\/redheadwithabrain.ch\/wp-content\/uploads\/2026\/05\/IMG_1623-scaled.jpeg?resize=1413%2C2048&amp;ssl=1 1413w, https:\/\/i0.wp.com\/redheadwithabrain.ch\/wp-content\/uploads\/2026\/05\/IMG_1623-scaled.jpeg?w=1766&amp;ssl=1 1766w\" sizes=\"auto, (max-width: 706px) 100vw, 706px\" \/><\/figure>\n","protected":false},"excerpt":{"rendered":"<p>Le p\u00e8re de Magda meurt dans un accident de voiture. Elle h\u00e9rite alors de sa maison, mais aussi de son andro\u00efde. Probl\u00e8me : c\u2019est ce dernier qui conduisait la voiture au moment de l\u2019accident. Les avocats du p\u00e8re veulent donc porter plainte pour homicide. Mais contre qui ? Le fabricant de l&#8217;andro\u00efde ou l&#8217;andro\u00efde lui-m\u00eame [&hellip;]<\/p>\n","protected":false},"author":1,"featured_media":21612,"comment_status":"closed","ping_status":"open","sticky":false,"template":"","format":"standard","meta":{"_jetpack_newsletter_access":"","_jetpack_dont_email_post_to_subs":false,"_jetpack_newsletter_tier_id":0,"_jetpack_memberships_contains_paywalled_content":false,"_jetpack_feature_clip_id":0,"_jetpack_memberships_contains_paid_content":false,"footnotes":"","jetpack_post_was_ever_published":false},"categories":[293,290],"tags":[171,182,98],"class_list":["post-21598","post","type-post","status-publish","format-standard","has-post-thumbnail","hentry","category-challenge-riquiqui-2026","category-graphic-stories-2026","tag-emotions","tag-intelligence","tag-life"],"jetpack_sharing_enabled":true,"jetpack_featured_media_url":"https:\/\/i0.wp.com\/redheadwithabrain.ch\/wp-content\/uploads\/2026\/05\/julie-marsh-TlwzgNd54Pw-unsplash-1-scaled.jpg?fit=2560%2C1707&ssl=1","_links":{"self":[{"href":"https:\/\/redheadwithabrain.ch\/index.php\/wp-json\/wp\/v2\/posts\/21598","targetHints":{"allow":["GET"]}}],"collection":[{"href":"https:\/\/redheadwithabrain.ch\/index.php\/wp-json\/wp\/v2\/posts"}],"about":[{"href":"https:\/\/redheadwithabrain.ch\/index.php\/wp-json\/wp\/v2\/types\/post"}],"author":[{"embeddable":true,"href":"https:\/\/redheadwithabrain.ch\/index.php\/wp-json\/wp\/v2\/users\/1"}],"replies":[{"embeddable":true,"href":"https:\/\/redheadwithabrain.ch\/index.php\/wp-json\/wp\/v2\/comments?post=21598"}],"version-history":[{"count":4,"href":"https:\/\/redheadwithabrain.ch\/index.php\/wp-json\/wp\/v2\/posts\/21598\/revisions"}],"predecessor-version":[{"id":21618,"href":"https:\/\/redheadwithabrain.ch\/index.php\/wp-json\/wp\/v2\/posts\/21598\/revisions\/21618"}],"wp:featuredmedia":[{"embeddable":true,"href":"https:\/\/redheadwithabrain.ch\/index.php\/wp-json\/wp\/v2\/media\/21612"}],"wp:attachment":[{"href":"https:\/\/redheadwithabrain.ch\/index.php\/wp-json\/wp\/v2\/media?parent=21598"}],"wp:term":[{"taxonomy":"category","embeddable":true,"href":"https:\/\/redheadwithabrain.ch\/index.php\/wp-json\/wp\/v2\/categories?post=21598"},{"taxonomy":"post_tag","embeddable":true,"href":"https:\/\/redheadwithabrain.ch\/index.php\/wp-json\/wp\/v2\/tags?post=21598"}],"curies":[{"name":"wp","href":"https:\/\/api.w.org\/{rel}","templated":true}]}}