{"id":21824,"date":"2026-06-05T12:31:16","date_gmt":"2026-06-05T10:31:16","guid":{"rendered":"https:\/\/redheadwithabrain.ch\/?p=21824"},"modified":"2026-06-10T10:09:34","modified_gmt":"2026-06-10T08:09:34","slug":"living-apartement-together-yves-degryse-2025","status":"publish","type":"post","link":"https:\/\/redheadwithabrain.ch\/index.php\/2026\/06\/05\/living-apartement-together-yves-degryse-2025\/","title":{"rendered":"Living Apartement Together &#8211; Yves Degryse (2025)"},"content":{"rendered":"\n<p class=\"wp-block-paragraph\">Que se passe-t-il derri\u00e8re les portes des appartements d\u2019un immeuble ? Cette pi\u00e8ce propose d\u2019y jeter un regard. Install\u00e9s dans des transats face \u00e0 la fa\u00e7ade de la Com\u00e9die de Gen\u00e8ve, avec des \u00e9couteurs, nous entrons pendant deux heures dans l\u2019intimit\u00e9 de treize personnes. On d\u00e9couvre un couple dont l\u2019un des membres est atteint d\u2019une maladie terminale, une m\u00e8re c\u00e9libataire et sa fille, un couple homosexuel dont la famille vit \u00e0 l\u2019\u00e9tranger, une colocation de jeunes adultes, ainsi qu\u2019un couple \u00e2g\u00e9 pr\u00eat \u00e0 d\u00e9m\u00e9nager. Chacun traverse sa propre histoire, qui se croise parfois avec celle des autres habitants. Le dispositif est assez inhabituel : la vie des appartements est projet\u00e9e sur la fa\u00e7ade, mais les acteurs sortent parfois de l\u2019immeuble pour promener le chien, aller travailler ou jouer. Des passants apparaissent \u00e9galement devant la fa\u00e7ade. Dur de savoir si ce sont des figurants ou des vrais passants, ce qui brouille encore plus la fronti\u00e8re entre fiction et r\u00e9alit\u00e9. J\u2019ai particuli\u00e8rement aim\u00e9 la sc\u00e8ne o\u00f9 certains habitants de l\u2019immeuble rejoignent l\u2019appartement des jeunes pendant une soir\u00e9e karaok\u00e9, avec tout le monde qui danse et chante, ainsi que celle o\u00f9 le chien se met \u00e0 parler \u00e0 son ma\u00eetre. Le seul petit b\u00e9mol est la surface de la fa\u00e7ade de la Com\u00e9die, qui comporte des trous ronds, ce qui alt\u00e8re parfois la projection. Il ne se passe finalement pas \u00e9norm\u00e9ment de choses, mais j\u2019ai beaucoup aim\u00e9 le concept et cette mani\u00e8re originale de parler de la vie ordinaire.<\/p>\n\n\n\n<p class=\"wp-block-paragraph\">&#8220;<em>Tu m&#8217;as montr\u00e9 que l&#8217;amour est un jeu o\u00f9 deux personnes c\u00e9l\u00e8brent la vie comme s&#8217;il n&#8217;y avait pas de lendemain<\/em>.&#8221;<\/p>\n\n\n\n<p class=\"wp-block-paragraph\" style=\"font-size:15px\"><strong><mark style=\"background-color:rgba(0, 0, 0, 0)\" class=\"has-inline-color has-colibri-color-4-color\">Cr\u00e9ation en 2025<br>N\u00e9erlandais surtitr\u00e9 en fran\u00e7ais<\/mark><\/strong><\/p>\n","protected":false},"excerpt":{"rendered":"<p>Que se passe-t-il derri\u00e8re les portes des appartements d\u2019un immeuble ? Cette pi\u00e8ce propose d\u2019y jeter un regard. Install\u00e9s dans des transats face \u00e0 la fa\u00e7ade de la Com\u00e9die de Gen\u00e8ve, avec des \u00e9couteurs, nous entrons pendant deux heures dans l\u2019intimit\u00e9 de treize personnes. On d\u00e9couvre un couple dont l\u2019un des membres est atteint d\u2019une [&hellip;]<\/p>\n","protected":false},"author":1,"featured_media":21843,"comment_status":"closed","ping_status":"open","sticky":false,"template":"","format":"standard","meta":{"_jetpack_newsletter_access":"","_jetpack_dont_email_post_to_subs":false,"_jetpack_newsletter_tier_id":0,"_jetpack_memberships_contains_paywalled_content":false,"_jetpack_feature_clip_id":0,"_jetpack_memberships_contains_paid_content":false,"footnotes":"","jetpack_post_was_ever_published":false},"categories":[268],"tags":[56,31,98],"class_list":["post-21824","post","type-post","status-publish","format-standard","has-post-thumbnail","hentry","category-comedie-de-geneve","tag-death","tag-family","tag-life"],"jetpack_sharing_enabled":true,"jetpack_featured_media_url":"https:\/\/i0.wp.com\/redheadwithabrain.ch\/wp-content\/uploads\/2026\/06\/julian-rojas-dattwyler-2_Mgem9XACg-unsplash-scaled.jpg?fit=1707%2C2560&ssl=1","_links":{"self":[{"href":"https:\/\/redheadwithabrain.ch\/index.php\/wp-json\/wp\/v2\/posts\/21824","targetHints":{"allow":["GET"]}}],"collection":[{"href":"https:\/\/redheadwithabrain.ch\/index.php\/wp-json\/wp\/v2\/posts"}],"about":[{"href":"https:\/\/redheadwithabrain.ch\/index.php\/wp-json\/wp\/v2\/types\/post"}],"author":[{"embeddable":true,"href":"https:\/\/redheadwithabrain.ch\/index.php\/wp-json\/wp\/v2\/users\/1"}],"replies":[{"embeddable":true,"href":"https:\/\/redheadwithabrain.ch\/index.php\/wp-json\/wp\/v2\/comments?post=21824"}],"version-history":[{"count":2,"href":"https:\/\/redheadwithabrain.ch\/index.php\/wp-json\/wp\/v2\/posts\/21824\/revisions"}],"predecessor-version":[{"id":21844,"href":"https:\/\/redheadwithabrain.ch\/index.php\/wp-json\/wp\/v2\/posts\/21824\/revisions\/21844"}],"wp:featuredmedia":[{"embeddable":true,"href":"https:\/\/redheadwithabrain.ch\/index.php\/wp-json\/wp\/v2\/media\/21843"}],"wp:attachment":[{"href":"https:\/\/redheadwithabrain.ch\/index.php\/wp-json\/wp\/v2\/media?parent=21824"}],"wp:term":[{"taxonomy":"category","embeddable":true,"href":"https:\/\/redheadwithabrain.ch\/index.php\/wp-json\/wp\/v2\/categories?post=21824"},{"taxonomy":"post_tag","embeddable":true,"href":"https:\/\/redheadwithabrain.ch\/index.php\/wp-json\/wp\/v2\/tags?post=21824"}],"curies":[{"name":"wp","href":"https:\/\/api.w.org\/{rel}","templated":true}]}}