{"id":21863,"date":"2026-06-11T10:51:26","date_gmt":"2026-06-11T08:51:26","guid":{"rendered":"https:\/\/redheadwithabrain.ch\/?p=21863"},"modified":"2026-06-22T18:36:27","modified_gmt":"2026-06-22T16:36:27","slug":"archives-contestataires-geneve-2026","status":"publish","type":"post","link":"https:\/\/redheadwithabrain.ch\/index.php\/2026\/06\/11\/archives-contestataires-geneve-2026\/","title":{"rendered":"Archives contestataires &#8211; Gen\u00e8ve (2026)"},"content":{"rendered":"\n<p class=\"wp-block-paragraph\">Petite visite aux Archives contestataires. Ces archives \u00ab collectent, d\u00e9crivent et valorisent les archives de nombreux mouvements sociaux de la deuxi\u00e8me moiti\u00e9 du XXe si\u00e8cle \u00bb, notamment des documents du MLF, du Mai 68 genevois, mais aussi des fonds li\u00e9s \u00e0 la contre-culture, aux luttes environnementales ou aux luttes de quartier. La collection ne se limite pas aux documents papier : elle comprend \u00e9galement des affiches, des archives audiovisuelles et des documents \u00ab digital-born \u00bb. Fr\u00e9d\u00e9ric Deshusses, passionn\u00e9 par ces archives, nous a fait une pr\u00e9sentation enthousiaste et passionnante de leur histoire, de leur contenu et de leur importance. Son enthousiasme a rendu la pr\u00e9sentation particuli\u00e8rement vivante et passionnante. Je suis ravie d&#8217;avoir d\u00e9couvert ce lieu et la richesse de ces archives.<\/p>\n\n\n\n<p class=\"wp-block-paragraph\"><em>&#8220;Les archives des groupes suivants sont \u00e9galement entr\u00e9es dans nos collections: Mouvement pour le socialisme Fribourg, Secr\u00e9tariat Am\u00e9rique centrale Suisse romande, Collectif de d\u00e9fense, La Belle toile, le Groupe de Vermont, l\u2019association Km 207 Guatemala Suisse, le Carnaval populaire et d\u00e9ter et le groupe IndependentWHO.&#8221;<\/em><\/p>\n","protected":false},"excerpt":{"rendered":"<p>Petite visite aux Archives contestataires. Ces archives \u00ab collectent, d\u00e9crivent et valorisent les archives de nombreux mouvements sociaux de la deuxi\u00e8me moiti\u00e9 du XXe si\u00e8cle \u00bb, notamment des documents du MLF, du Mai 68 genevois, mais aussi des fonds li\u00e9s \u00e0 la contre-culture, aux luttes environnementales ou aux luttes de quartier. La collection ne se [&hellip;]<\/p>\n","protected":false},"author":1,"featured_media":21952,"comment_status":"closed","ping_status":"open","sticky":false,"template":"","format":"standard","meta":{"_jetpack_newsletter_access":"","_jetpack_dont_email_post_to_subs":false,"_jetpack_newsletter_tier_id":0,"_jetpack_memberships_contains_paywalled_content":false,"_jetpack_feature_clip_id":0,"_jetpack_memberships_contains_paid_content":false,"footnotes":"","jetpack_post_was_ever_published":false},"categories":[6],"tags":[112,51,57],"class_list":["post-21863","post","type-post","status-publish","format-standard","has-post-thumbnail","hentry","category-bits-bobs","tag-history","tag-identity","tag-memories"],"jetpack_sharing_enabled":true,"jetpack_featured_media_url":"https:\/\/i0.wp.com\/redheadwithabrain.ch\/wp-content\/uploads\/2026\/06\/c-m-X_j3b4rqnlk-unsplash-scaled.jpg?fit=2560%2C1920&ssl=1","_links":{"self":[{"href":"https:\/\/redheadwithabrain.ch\/index.php\/wp-json\/wp\/v2\/posts\/21863","targetHints":{"allow":["GET"]}}],"collection":[{"href":"https:\/\/redheadwithabrain.ch\/index.php\/wp-json\/wp\/v2\/posts"}],"about":[{"href":"https:\/\/redheadwithabrain.ch\/index.php\/wp-json\/wp\/v2\/types\/post"}],"author":[{"embeddable":true,"href":"https:\/\/redheadwithabrain.ch\/index.php\/wp-json\/wp\/v2\/users\/1"}],"replies":[{"embeddable":true,"href":"https:\/\/redheadwithabrain.ch\/index.php\/wp-json\/wp\/v2\/comments?post=21863"}],"version-history":[{"count":2,"href":"https:\/\/redheadwithabrain.ch\/index.php\/wp-json\/wp\/v2\/posts\/21863\/revisions"}],"predecessor-version":[{"id":21953,"href":"https:\/\/redheadwithabrain.ch\/index.php\/wp-json\/wp\/v2\/posts\/21863\/revisions\/21953"}],"wp:featuredmedia":[{"embeddable":true,"href":"https:\/\/redheadwithabrain.ch\/index.php\/wp-json\/wp\/v2\/media\/21952"}],"wp:attachment":[{"href":"https:\/\/redheadwithabrain.ch\/index.php\/wp-json\/wp\/v2\/media?parent=21863"}],"wp:term":[{"taxonomy":"category","embeddable":true,"href":"https:\/\/redheadwithabrain.ch\/index.php\/wp-json\/wp\/v2\/categories?post=21863"},{"taxonomy":"post_tag","embeddable":true,"href":"https:\/\/redheadwithabrain.ch\/index.php\/wp-json\/wp\/v2\/tags?post=21863"}],"curies":[{"name":"wp","href":"https:\/\/api.w.org\/{rel}","templated":true}]}}