{"id":21873,"date":"2026-06-20T14:44:17","date_gmt":"2026-06-20T12:44:17","guid":{"rendered":"https:\/\/redheadwithabrain.ch\/?p=21873"},"modified":"2026-06-20T14:44:17","modified_gmt":"2026-06-20T12:44:17","slug":"deux-filles-nues-luz-2024","status":"publish","type":"post","link":"https:\/\/redheadwithabrain.ch\/index.php\/2026\/06\/20\/deux-filles-nues-luz-2024\/","title":{"rendered":"Deux filles nues &#8211; Luz (2024)"},"content":{"rendered":"\n<p class=\"wp-block-paragraph\">Art d\u00e9g\u00e9n\u00e9r\u00e9 : selon les nazis, il s\u2019agissait de \u00ab toutes les formes d\u2019expression artistique non conformes \u00e0 leur vision de ce que devait \u00eatre l\u2019art \u00bb. Une d\u00e9finition volontairement vague qui permettait de condamner principalement l\u2019art moderne sous toutes ses formes. Les \u0153uvres vis\u00e9es furent confisqu\u00e9es, revendues ou d\u00e9truites. En 1937, les nazis organis\u00e8rent m\u00eame \u00e0 Munich une exposition consacr\u00e9e \u00e0 cet \u00ab art d\u00e9g\u00e9n\u00e9r\u00e9 \u00bb afin de le tourner en d\u00e9rision. Ce roman graphique met en lumi\u00e8re cette p\u00e9riode \u00e0 travers le destin du tableau Deux filles nues d\u2019Otto Mueller, peintre expressionniste allemand mort en 1930. Ses \u0153uvres furent saisies en 1937 par le r\u00e9gime nazi et class\u00e9es comme \u00ab art d\u00e9g\u00e9n\u00e9r\u00e9 \u00bb. L\u2019histoire est racont\u00e9e du point de vue du tableau lui-m\u00eame, qui observe le monde ext\u00e9rieur. \u00c0 travers son regard, on d\u00e9couvre comment des artistes, marchands d\u2019art et propri\u00e9taires juifs virent leur vie boulevers\u00e9e du jour au lendemain par les pers\u00e9cutions nazies. Le r\u00e9cit \u00e9voque les milliers d\u2019\u0153uvres spoli\u00e9es &#8211; de Courbet, Renoir, Matisse, Chagall, Klee, Kokoschka, Nolde ou Kirchner &#8211; dont beaucoup furent perdues \u00e0 jamais. Au milieu de cette destruction, Deux filles nues est un survivant. Le tableau est aujourd\u2019hui conserv\u00e9 au Museum Ludwig. Ce roman graphique est particuli\u00e8rement r\u00e9ussi : le dessin \u00e9pur\u00e9 et la palette de couleurs limit\u00e9e rendent parfaitement l\u2019aust\u00e9rit\u00e9 et la violence sourde de cette p\u00e9riode. Il donne aussi un visage \u00e0 la perte immense provoqu\u00e9e par la destruction et la spoliation de ces \u0153uvres.<\/p>\n\n\n\n<p class=\"wp-block-paragraph\"><em>&#8220;Nous voici dans une exposition qui ne rassemble qu&#8217;une fraction de ce qu&#8217;un grand nombre de mus\u00e9es, dans toute l&#8217;Allemagne, ont acquis avec les deniers \u00e9conomis\u00e9s par le peuple allemand, et pr\u00e9sent\u00e9 comme de l&#8217;art.<br>Vous voyez autour et alentour ces produits de la d\u00e9mence, de l&#8217;impudence, de l&#8217;impuissance et de la d\u00e9g\u00e9n\u00e9rescence. Ce que pr\u00e9sente cette exposition nous fait \u00e9prouver \u00e0 tous un d\u00e9go\u00fbt qui nous bouleverse.&#8221;<\/em><\/p>\n\n\n\n<figure class=\"wp-block-image size-large\"><img data-recalc-dims=\"1\" loading=\"lazy\" decoding=\"async\" width=\"758\" height=\"1024\" src=\"https:\/\/i0.wp.com\/redheadwithabrain.ch\/wp-content\/uploads\/2026\/06\/IMG_3165.jpeg?resize=758%2C1024&#038;ssl=1\" alt=\"\" class=\"wp-image-21931\" srcset=\"https:\/\/i0.wp.com\/redheadwithabrain.ch\/wp-content\/uploads\/2026\/06\/IMG_3165-scaled.jpeg?resize=758%2C1024&amp;ssl=1 758w, https:\/\/i0.wp.com\/redheadwithabrain.ch\/wp-content\/uploads\/2026\/06\/IMG_3165-scaled.jpeg?resize=222%2C300&amp;ssl=1 222w, https:\/\/i0.wp.com\/redheadwithabrain.ch\/wp-content\/uploads\/2026\/06\/IMG_3165-scaled.jpeg?resize=768%2C1037&amp;ssl=1 768w, https:\/\/i0.wp.com\/redheadwithabrain.ch\/wp-content\/uploads\/2026\/06\/IMG_3165-scaled.jpeg?resize=1137%2C1536&amp;ssl=1 1137w, https:\/\/i0.wp.com\/redheadwithabrain.ch\/wp-content\/uploads\/2026\/06\/IMG_3165-scaled.jpeg?resize=1517%2C2048&amp;ssl=1 1517w, https:\/\/i0.wp.com\/redheadwithabrain.ch\/wp-content\/uploads\/2026\/06\/IMG_3165-scaled.jpeg?w=1896&amp;ssl=1 1896w\" sizes=\"auto, (max-width: 758px) 100vw, 758px\" \/><\/figure>\n","protected":false},"excerpt":{"rendered":"<p>Art d\u00e9g\u00e9n\u00e9r\u00e9 : selon les nazis, il s\u2019agissait de \u00ab toutes les formes d\u2019expression artistique non conformes \u00e0 leur vision de ce que devait \u00eatre l\u2019art \u00bb. Une d\u00e9finition volontairement vague qui permettait de condamner principalement l\u2019art moderne sous toutes ses formes. Les \u0153uvres vis\u00e9es furent confisqu\u00e9es, revendues ou d\u00e9truites. En 1937, les nazis organis\u00e8rent [&hellip;]<\/p>\n","protected":false},"author":1,"featured_media":21930,"comment_status":"closed","ping_status":"open","sticky":false,"template":"","format":"standard","meta":{"_jetpack_newsletter_access":"","_jetpack_dont_email_post_to_subs":false,"_jetpack_newsletter_tier_id":0,"_jetpack_memberships_contains_paywalled_content":false,"_jetpack_feature_clip_id":0,"_jetpack_memberships_contains_paid_content":false,"footnotes":"","jetpack_post_was_ever_published":false},"categories":[290],"tags":[67,112,173],"class_list":["post-21873","post","type-post","status-publish","format-standard","has-post-thumbnail","hentry","category-graphic-stories-2026","tag-creativity","tag-history","tag-war"],"jetpack_sharing_enabled":true,"jetpack_featured_media_url":"https:\/\/i0.wp.com\/redheadwithabrain.ch\/wp-content\/uploads\/2026\/06\/halanna-halila-_8m1CXvu2Yg-unsplash-scaled.jpg?fit=2560%2C1707&ssl=1","_links":{"self":[{"href":"https:\/\/redheadwithabrain.ch\/index.php\/wp-json\/wp\/v2\/posts\/21873","targetHints":{"allow":["GET"]}}],"collection":[{"href":"https:\/\/redheadwithabrain.ch\/index.php\/wp-json\/wp\/v2\/posts"}],"about":[{"href":"https:\/\/redheadwithabrain.ch\/index.php\/wp-json\/wp\/v2\/types\/post"}],"author":[{"embeddable":true,"href":"https:\/\/redheadwithabrain.ch\/index.php\/wp-json\/wp\/v2\/users\/1"}],"replies":[{"embeddable":true,"href":"https:\/\/redheadwithabrain.ch\/index.php\/wp-json\/wp\/v2\/comments?post=21873"}],"version-history":[{"count":4,"href":"https:\/\/redheadwithabrain.ch\/index.php\/wp-json\/wp\/v2\/posts\/21873\/revisions"}],"predecessor-version":[{"id":21939,"href":"https:\/\/redheadwithabrain.ch\/index.php\/wp-json\/wp\/v2\/posts\/21873\/revisions\/21939"}],"wp:featuredmedia":[{"embeddable":true,"href":"https:\/\/redheadwithabrain.ch\/index.php\/wp-json\/wp\/v2\/media\/21930"}],"wp:attachment":[{"href":"https:\/\/redheadwithabrain.ch\/index.php\/wp-json\/wp\/v2\/media?parent=21873"}],"wp:term":[{"taxonomy":"category","embeddable":true,"href":"https:\/\/redheadwithabrain.ch\/index.php\/wp-json\/wp\/v2\/categories?post=21873"},{"taxonomy":"post_tag","embeddable":true,"href":"https:\/\/redheadwithabrain.ch\/index.php\/wp-json\/wp\/v2\/tags?post=21873"}],"curies":[{"name":"wp","href":"https:\/\/api.w.org\/{rel}","templated":true}]}}