{"id":21908,"date":"2026-06-17T11:37:37","date_gmt":"2026-06-17T09:37:37","guid":{"rendered":"https:\/\/redheadwithabrain.ch\/?p=21908"},"modified":"2026-06-20T09:46:17","modified_gmt":"2026-06-20T07:46:17","slug":"tsubame-aki-shimazaki-2001","status":"publish","type":"post","link":"https:\/\/redheadwithabrain.ch\/index.php\/2026\/06\/17\/tsubame-aki-shimazaki-2001\/","title":{"rendered":"Tsubame\u00a0&#8211; Le poids des secrets 3 &#8211; Aki Shimazaki (2001)"},"content":{"rendered":"\n<p class=\"wp-block-paragraph\">Tsubame explore une autre branche de l\u2019arbre g\u00e9n\u00e9alogique du Poids des secrets, \u00e0 travers le regard de Mariko, la m\u00e8re de Yukio, dont nous connaissons d\u00e9j\u00e0 une partie de la vie adulte.\u00a0 Le r\u00e9cit revient sur son enfance, marqu\u00e9e par le s\u00e9isme du Kant\u014d de 1923. Des rumeurs accusant la population cor\u00e9enne des environs de profiter du d\u00e9sordre pour piller les maisons circulent alors, ce qui m\u00e8nera \u00e0 des massacres de Cor\u00e9ens, avec un nombre de morts estim\u00e9 de 3000 \u00e0 6000. \u00c0 cette \u00e9poque, Mariko s&#8217;appelle Yonshi Kim, une petite fille cor\u00e9enne que sa m\u00e8re va confier \u00e0 une \u00e9glise catholique. Devenue adulte, elle lit enfin le carnet laiss\u00e9 par sa m\u00e8re et d\u00e9couvre la v\u00e9rit\u00e9 sur ses origines.<\/p>\n\n\n\n<p class=\"wp-block-paragraph\"><em>Au-dessus de moi, un couple d&#8217;hirondelles passe rapidement. Elles vont et viennent entre le toit d&#8217;une maison et un fil \u00e9lectrique. Elles partiront bient\u00f4t vers un pays chaud. J&#8217;aimerais bien voyager librement comme elles.<br>Ma m\u00e8re m&#8217;a dit une fois ;&#8221; Si on pouvait rena\u00eetre, j&#8217;aimerais rena\u00eetre en oiseau&#8221;.<\/em><\/p>\n","protected":false},"excerpt":{"rendered":"<p>Tsubame explore une autre branche de l\u2019arbre g\u00e9n\u00e9alogique du Poids des secrets, \u00e0 travers le regard de Mariko, la m\u00e8re de Yukio, dont nous connaissons d\u00e9j\u00e0 une partie de la vie adulte.\u00a0 Le r\u00e9cit revient sur son enfance, marqu\u00e9e par le s\u00e9isme du Kant\u014d de 1923. Des rumeurs accusant la population cor\u00e9enne des environs de [&hellip;]<\/p>\n","protected":false},"author":1,"featured_media":21913,"comment_status":"closed","ping_status":"open","sticky":false,"template":"","format":"standard","meta":{"_jetpack_newsletter_access":"","_jetpack_dont_email_post_to_subs":false,"_jetpack_newsletter_tier_id":0,"_jetpack_memberships_contains_paywalled_content":false,"_jetpack_feature_clip_id":0,"_jetpack_memberships_contains_paid_content":false,"footnotes":"","jetpack_post_was_ever_published":false},"categories":[291],"tags":[56,57,43],"class_list":["post-21908","post","type-post","status-publish","format-standard","has-post-thumbnail","hentry","category-books-2026","tag-death","tag-memories","tag-racism"],"jetpack_sharing_enabled":true,"jetpack_featured_media_url":"https:\/\/i0.wp.com\/redheadwithabrain.ch\/wp-content\/uploads\/2026\/06\/nico-meier-YQowAT4WV5w-unsplash-scaled.jpg?fit=2560%2C1709&ssl=1","_links":{"self":[{"href":"https:\/\/redheadwithabrain.ch\/index.php\/wp-json\/wp\/v2\/posts\/21908","targetHints":{"allow":["GET"]}}],"collection":[{"href":"https:\/\/redheadwithabrain.ch\/index.php\/wp-json\/wp\/v2\/posts"}],"about":[{"href":"https:\/\/redheadwithabrain.ch\/index.php\/wp-json\/wp\/v2\/types\/post"}],"author":[{"embeddable":true,"href":"https:\/\/redheadwithabrain.ch\/index.php\/wp-json\/wp\/v2\/users\/1"}],"replies":[{"embeddable":true,"href":"https:\/\/redheadwithabrain.ch\/index.php\/wp-json\/wp\/v2\/comments?post=21908"}],"version-history":[{"count":4,"href":"https:\/\/redheadwithabrain.ch\/index.php\/wp-json\/wp\/v2\/posts\/21908\/revisions"}],"predecessor-version":[{"id":21922,"href":"https:\/\/redheadwithabrain.ch\/index.php\/wp-json\/wp\/v2\/posts\/21908\/revisions\/21922"}],"wp:featuredmedia":[{"embeddable":true,"href":"https:\/\/redheadwithabrain.ch\/index.php\/wp-json\/wp\/v2\/media\/21913"}],"wp:attachment":[{"href":"https:\/\/redheadwithabrain.ch\/index.php\/wp-json\/wp\/v2\/media?parent=21908"}],"wp:term":[{"taxonomy":"category","embeddable":true,"href":"https:\/\/redheadwithabrain.ch\/index.php\/wp-json\/wp\/v2\/categories?post=21908"},{"taxonomy":"post_tag","embeddable":true,"href":"https:\/\/redheadwithabrain.ch\/index.php\/wp-json\/wp\/v2\/tags?post=21908"}],"curies":[{"name":"wp","href":"https:\/\/api.w.org\/{rel}","templated":true}]}}