{"id":21943,"date":"2026-06-21T15:21:21","date_gmt":"2026-06-21T13:21:21","guid":{"rendered":"https:\/\/redheadwithabrain.ch\/?p=21943"},"modified":"2026-06-23T21:53:36","modified_gmt":"2026-06-23T19:53:36","slug":"nous-aussi-nous-aimons-la-vie-concert-du-choeur-amwaj-de-palestine-temple-de-saint-gervais-geneve-2026","status":"publish","type":"post","link":"https:\/\/redheadwithabrain.ch\/index.php\/2026\/06\/21\/nous-aussi-nous-aimons-la-vie-concert-du-choeur-amwaj-de-palestine-temple-de-saint-gervais-geneve-2026\/","title":{"rendered":"Nous aussi, nous aimons la vie &#8211; Concert du ch\u0153ur Amwaj de Palestine &#8211; Temple de Saint-Gervais &#8211; Gen\u00e8ve (2026)"},"content":{"rendered":"\n<p class=\"wp-block-paragraph\">Amwaj est un programme \u00e9ducatif, artistique et social cr\u00e9\u00e9 en 2015, qui propose une formation musicale \u00e0 des enfants et jeunes de 7 \u00e0 22 ans en Cisjordanie, \u00e0 travers le chant choral et les arts du spectacle. Port\u00e9 par des valeurs d\u2019inclusion, d\u2019\u00e9galit\u00e9 et de dialogue interculturel, il ouvre les participant\u00b7es \u00e0 un r\u00e9pertoire musical arabe et international. Ce dimanche, ils se produisaient avec la Ma\u00eetrise du Conservatoire populaire de musique dans le cadre de la F\u00eate de la musique. Le temple de Saint-Gervais \u00e9tait comble. Dans une atmosph\u00e8re presque tropicale, ces voix d\u2019enfants ont chant\u00e9 la libert\u00e9 et la joie pour toutes et tous. Difficile de rester insensible.<\/p>\n\n\n\n<p class=\"wp-block-paragraph\"><em>&#8220;Pour que tous les enfants du Monde puissent rire et jouer comme nous. Pour que les grandes personnes du Monde fassent tout pour qu&#8217;ils aient une famille et un foyer&#8221;<\/em><\/p>\n","protected":false},"excerpt":{"rendered":"<p>Amwaj est un programme \u00e9ducatif, artistique et social cr\u00e9\u00e9 en 2015, qui propose une formation musicale \u00e0 des enfants et jeunes de 7 \u00e0 22 ans en Cisjordanie, \u00e0 travers le chant choral et les arts du spectacle. Port\u00e9 par des valeurs d\u2019inclusion, d\u2019\u00e9galit\u00e9 et de dialogue interculturel, il ouvre les participant\u00b7es \u00e0 un r\u00e9pertoire [&hellip;]<\/p>\n","protected":false},"author":1,"featured_media":21956,"comment_status":"closed","ping_status":"open","sticky":false,"template":"","format":"standard","meta":{"_jetpack_newsletter_access":"","_jetpack_dont_email_post_to_subs":false,"_jetpack_newsletter_tier_id":0,"_jetpack_memberships_contains_paywalled_content":false,"_jetpack_feature_clip_id":0,"_jetpack_memberships_contains_paid_content":false,"footnotes":"","jetpack_post_was_ever_published":false},"categories":[3],"tags":[305,92,113],"class_list":["post-21943","post","type-post","status-publish","format-standard","has-post-thumbnail","hentry","category-concerts","tag-children","tag-hope","tag-music"],"jetpack_sharing_enabled":true,"jetpack_featured_media_url":"https:\/\/i0.wp.com\/redheadwithabrain.ch\/wp-content\/uploads\/2026\/06\/amr-albeeb-kehoSwZfWQ0-unsplash-scaled-e1782205544184.jpg?fit=1920%2C1490&ssl=1","_links":{"self":[{"href":"https:\/\/redheadwithabrain.ch\/index.php\/wp-json\/wp\/v2\/posts\/21943","targetHints":{"allow":["GET"]}}],"collection":[{"href":"https:\/\/redheadwithabrain.ch\/index.php\/wp-json\/wp\/v2\/posts"}],"about":[{"href":"https:\/\/redheadwithabrain.ch\/index.php\/wp-json\/wp\/v2\/types\/post"}],"author":[{"embeddable":true,"href":"https:\/\/redheadwithabrain.ch\/index.php\/wp-json\/wp\/v2\/users\/1"}],"replies":[{"embeddable":true,"href":"https:\/\/redheadwithabrain.ch\/index.php\/wp-json\/wp\/v2\/comments?post=21943"}],"version-history":[{"count":4,"href":"https:\/\/redheadwithabrain.ch\/index.php\/wp-json\/wp\/v2\/posts\/21943\/revisions"}],"predecessor-version":[{"id":21965,"href":"https:\/\/redheadwithabrain.ch\/index.php\/wp-json\/wp\/v2\/posts\/21943\/revisions\/21965"}],"wp:featuredmedia":[{"embeddable":true,"href":"https:\/\/redheadwithabrain.ch\/index.php\/wp-json\/wp\/v2\/media\/21956"}],"wp:attachment":[{"href":"https:\/\/redheadwithabrain.ch\/index.php\/wp-json\/wp\/v2\/media?parent=21943"}],"wp:term":[{"taxonomy":"category","embeddable":true,"href":"https:\/\/redheadwithabrain.ch\/index.php\/wp-json\/wp\/v2\/categories?post=21943"},{"taxonomy":"post_tag","embeddable":true,"href":"https:\/\/redheadwithabrain.ch\/index.php\/wp-json\/wp\/v2\/tags?post=21943"}],"curies":[{"name":"wp","href":"https:\/\/api.w.org\/{rel}","templated":true}]}}