{"id":22439,"date":"2026-09-03T10:17:11","date_gmt":"2026-09-03T08:17:11","guid":{"rendered":"https:\/\/redheadwithabrain.ch\/?p=22439"},"modified":"2026-09-05T10:42:48","modified_gmt":"2026-09-05T08:42:48","slug":"parlez-moi-de-la-pluie-agnes-jaoui-2008","status":"publish","type":"post","link":"https:\/\/redheadwithabrain.ch\/index.php\/2026\/09\/03\/parlez-moi-de-la-pluie-agnes-jaoui-2008\/","title":{"rendered":"Parlez-moi de la pluie &#8211; Agn\u00e8s Jaoui (2008)"},"content":{"rendered":"\n<p class=\"wp-block-paragraph\">Agathe Villanova passe quelques jours dans la maison familiale, dans le sud de la France, o\u00f9 sa s\u0153ur vit encore avec son mari et ses enfants. La femme de m\u00e9nage de leur enfance est toujours l\u00e0, et son fils Karim lui rend r\u00e9guli\u00e8rement visite. R\u00e9cemment engag\u00e9e en politique f\u00e9ministe, Agathe devient le sujet du film que Karim et son ami Michel souhaitent tourner sur elle. \u00c0 partir de cette trame assez simple vont se tisser des liens familiaux, amoureux et amicaux, parfois attendus, parfois beaucoup plus surprenants. Forc\u00e9ment, les vieilles ranc\u0153urs, les souvenirs de famille, la m\u00e9moire historique et les blessures mal cicatris\u00e9es refont surface. Le film m\u2019a beaucoup fait penser \u00e0 <a href=\"https:\/\/redheadwithabrain.ch\/index.php\/2025\/10\/14\/place-publique-agnes-jaoui-2018\/\">Place publique <\/a>: l\u00e0 encore, les relations entre les personnages, notamment entre les deux s\u0153urs, comptent finalement davantage que l\u2019histoire elle-m\u00eame, qui sert surtout de pr\u00e9texte pour explorer leurs liens, leurs frustrations et leurs non-dits. Tout se d\u00e9roule au mois d\u2019ao\u00fbt, sous une pluie presque incessante. Cette m\u00e9t\u00e9o donne au film son ton m\u00e9lancolique et doux, un peu suspendu. Jaoui, dans le r\u00f4le d\u2019Agathe Villanova, et Bacri, en Michel, retrouvent des personnages qui leur correspondent particuli\u00e8rement bien. Un film tout en douceur avec quelques moments cocasses.<\/p>\n\n\n\n<p class=\"wp-block-paragraph\"><em>&#8220;- J&#8217;en ai marre de ce temps. \u00c7a fait quinze jours que c&#8217;est gris, qu&#8217;il pleut, que c&#8217;est plomb\u00e9, on n&#8217;a pas eu cinq minutes de soleil. C&#8217;est d\u00e9primant, j&#8217;suis d\u00e9sol\u00e9e. Je sais bien que toi \u00e7a t&#8217;atteint pas mais&#8230;<br>&#8211; Oui, parce que je m&#8217;en fous. C&#8217;est comme \u00e7a, qu&#8217;est-ce que tu veux qu&#8217;on y fasse. <br>&#8211; Rien, je sais, oui.<br>&#8211; En plus, \u00e0 chaque fois tu te plains comme s&#8217;il faisait moche expr\u00e8s contre toi, comme si, je sais pas moi, il y avait un dieu du climat qui t&#8217;en voulait personnellement. <br>&#8211; Y&#8217;a un dieu du climat qui m&#8217;en veut personnellement!&#8221;<\/em><\/p>\n","protected":false},"excerpt":{"rendered":"<p>Agathe Villanova passe quelques jours dans la maison familiale, dans le sud de la France, o\u00f9 sa s\u0153ur vit encore avec son mari et ses enfants. La femme de m\u00e9nage de leur enfance est toujours l\u00e0, et son fils Karim lui rend r\u00e9guli\u00e8rement visite. R\u00e9cemment engag\u00e9e en politique f\u00e9ministe, Agathe devient le sujet du film [&hellip;]<\/p>\n","protected":false},"author":1,"featured_media":22440,"comment_status":"closed","ping_status":"open","sticky":false,"template":"","format":"standard","meta":{"_jetpack_newsletter_access":"","_jetpack_dont_email_post_to_subs":false,"_jetpack_newsletter_tier_id":0,"_jetpack_memberships_contains_paywalled_content":false,"_jetpack_feature_clip_id":0,"_jetpack_memberships_contains_paid_content":false,"footnotes":"","jetpack_post_was_ever_published":false},"categories":[295],"tags":[31,98,19],"class_list":["post-22439","post","type-post","status-publish","format-standard","has-post-thumbnail","hentry","category-films-2026","tag-family","tag-life","tag-love"],"jetpack_sharing_enabled":true,"jetpack_featured_media_url":"https:\/\/i0.wp.com\/redheadwithabrain.ch\/wp-content\/uploads\/2026\/09\/thomas-couillard-63z4rEJBHao-unsplash-scaled.jpg?fit=2560%2C1707&ssl=1","_links":{"self":[{"href":"https:\/\/redheadwithabrain.ch\/index.php\/wp-json\/wp\/v2\/posts\/22439","targetHints":{"allow":["GET"]}}],"collection":[{"href":"https:\/\/redheadwithabrain.ch\/index.php\/wp-json\/wp\/v2\/posts"}],"about":[{"href":"https:\/\/redheadwithabrain.ch\/index.php\/wp-json\/wp\/v2\/types\/post"}],"author":[{"embeddable":true,"href":"https:\/\/redheadwithabrain.ch\/index.php\/wp-json\/wp\/v2\/users\/1"}],"replies":[{"embeddable":true,"href":"https:\/\/redheadwithabrain.ch\/index.php\/wp-json\/wp\/v2\/comments?post=22439"}],"version-history":[{"count":1,"href":"https:\/\/redheadwithabrain.ch\/index.php\/wp-json\/wp\/v2\/posts\/22439\/revisions"}],"predecessor-version":[{"id":22441,"href":"https:\/\/redheadwithabrain.ch\/index.php\/wp-json\/wp\/v2\/posts\/22439\/revisions\/22441"}],"wp:featuredmedia":[{"embeddable":true,"href":"https:\/\/redheadwithabrain.ch\/index.php\/wp-json\/wp\/v2\/media\/22440"}],"wp:attachment":[{"href":"https:\/\/redheadwithabrain.ch\/index.php\/wp-json\/wp\/v2\/media?parent=22439"}],"wp:term":[{"taxonomy":"category","embeddable":true,"href":"https:\/\/redheadwithabrain.ch\/index.php\/wp-json\/wp\/v2\/categories?post=22439"},{"taxonomy":"post_tag","embeddable":true,"href":"https:\/\/redheadwithabrain.ch\/index.php\/wp-json\/wp\/v2\/tags?post=22439"}],"curies":[{"name":"wp","href":"https:\/\/api.w.org\/{rel}","templated":true}]}}