{"id":2401,"date":"2021-01-31T22:19:16","date_gmt":"2021-01-31T21:19:16","guid":{"rendered":"https:\/\/redheadwithabrain.ch\/?p=2401"},"modified":"2026-01-17T18:34:16","modified_gmt":"2026-01-17T17:34:16","slug":"pelleas-et-melisande-claude-debussy-1902","status":"publish","type":"post","link":"https:\/\/redheadwithabrain.ch\/index.php\/2021\/01\/31\/pelleas-et-melisande-claude-debussy-1902\/","title":{"rendered":"Pell\u00e9as et M\u00e9lisande &#8211; Claude Debussy (1902)"},"content":{"rendered":"\n<p class=\"wp-block-paragraph\">&#8220;Pell\u00e9as et M\u00e9lisande&#8221; \u00e9tait programm\u00e9 du 18 au 28 janvier 2021 dans mon th\u00e9\u00e2tre pr\u00e9f\u00e9r\u00e9. \u00c0 d\u00e9faut de pouvoir aller voir cet op\u00e9ra en vrai, il a \u00e9t\u00e9 offert en streaming. Pell\u00e9as et M\u00e9lisande est un op\u00e9ra de Debussy, d&#8217;apr\u00e8s le livret de Maurice Maeterlinck. Il faut encore pr\u00e9ciser que la version pr\u00e9sent\u00e9e ici a \u00e9t\u00e9 mise en sc\u00e8ne par deux chor\u00e9graphes, Sidi Larbi Cherkaoui et Damien Jalet, et une artiste conceptuelle et performeuse, Marina Abramovi\u0107. Pell\u00e9as et M\u00e9lisande est, somme toute, une histoire simple. M\u00e9lisande est mari\u00e9e \u00e0 Golaud, mais elle aime Pell\u00e9as, le demi-fr\u00e8re de Golaud et r\u00e9ciproquement. Autant vous dire que \u00e7a finit mal. La mise en sc\u00e8ne est magnifique. Tout l&#8217;op\u00e9ra est accompagn\u00e9 de danseurs masculins, quasi nus, qui semblent repr\u00e9senter les \u00e9l\u00e9ments, l&#8217;eau, le vent, la nuit, mais aussi les ombres des personnages et leurs sentiments. C&#8217;est tr\u00e8s \u00e9th\u00e9r\u00e9, tr\u00e8s souple, un plaisir pour les yeux. Un beau moment, mais vivement le retour de l&#8217;op\u00e9ra avec d&#8217;autres spectateurs et une petite coupe de champagne \u00e0 l&#8217;entracte.<\/p>\n\n\n\n<p class=\"has-text-align-center wp-block-paragraph\"><em>&#8220;Il faut que je la regarde bien cette fois-ci.<br>Il y a des choses que je ne me rappelle plus.<br>On dirait, par moments, qu&#8217;il y a cent ans que je ne l&#8217;ai plus vue.<br>Je n&#8217;ai pas encore regard\u00e9 son regard.<br>Il ne me reste rien si je m&#8217;en vais ainsi.<br>Et tous ces souvenirs&#8230;<br>C&#8217;est comme si j&#8217;emportais un peu d&#8217;eau dans un sac de mousseline.<br>Il faut que je la voie une derni\u00e8re fois jusqu&#8217;au fond de son c\u0153ur.<br>Il faut que je lui dise tout ce que je n&#8217;ai pas dit.&#8221;<\/em><\/p>\n\n\n\n<p class=\"wp-block-paragraph\" style=\"font-size:15px\"><strong><mark style=\"background-color:rgba(0, 0, 0, 0)\" class=\"has-inline-color has-colibri-color-4-color\">Cr\u00e9\u00e9 le 30 avril 1902 \u00e0 l\u2019Op\u00e9ra-Comique \u00e0 Paris<br>Derni\u00e8re fois au Grand Th\u00e9\u00e2tre de Gen\u00e8ve en 1999-2000<\/mark><\/strong><\/p>\n","protected":false},"excerpt":{"rendered":"<p>&#8220;Pell\u00e9as et M\u00e9lisande&#8221; \u00e9tait programm\u00e9 du 18 au 28 janvier 2021 dans mon th\u00e9\u00e2tre pr\u00e9f\u00e9r\u00e9. \u00c0 d\u00e9faut de pouvoir aller voir cet op\u00e9ra en vrai, il a \u00e9t\u00e9 offert en streaming. Pell\u00e9as et M\u00e9lisande est un op\u00e9ra de Debussy, d&#8217;apr\u00e8s le livret de Maurice Maeterlinck. Il faut encore pr\u00e9ciser que la version pr\u00e9sent\u00e9e ici a [&hellip;]<\/p>\n","protected":false},"author":1,"featured_media":2402,"comment_status":"closed","ping_status":"open","sticky":false,"template":"","format":"standard","meta":{"_jetpack_newsletter_access":"","_jetpack_dont_email_post_to_subs":false,"_jetpack_newsletter_tier_id":0,"_jetpack_memberships_contains_paywalled_content":false,"_jetpack_feature_clip_id":0,"_jetpack_memberships_contains_paid_content":false,"footnotes":"","jetpack_post_was_ever_published":false},"categories":[5],"tags":[56,85,19],"class_list":["post-2401","post","type-post","status-publish","format-standard","has-post-thumbnail","hentry","category-operas","tag-death","tag-infidelity","tag-love"],"jetpack_sharing_enabled":true,"jetpack_featured_media_url":"https:\/\/i0.wp.com\/redheadwithabrain.ch\/wp-content\/uploads\/2021\/01\/Untitled.png?fit=1920%2C1015&ssl=1","_links":{"self":[{"href":"https:\/\/redheadwithabrain.ch\/index.php\/wp-json\/wp\/v2\/posts\/2401","targetHints":{"allow":["GET"]}}],"collection":[{"href":"https:\/\/redheadwithabrain.ch\/index.php\/wp-json\/wp\/v2\/posts"}],"about":[{"href":"https:\/\/redheadwithabrain.ch\/index.php\/wp-json\/wp\/v2\/types\/post"}],"author":[{"embeddable":true,"href":"https:\/\/redheadwithabrain.ch\/index.php\/wp-json\/wp\/v2\/users\/1"}],"replies":[{"embeddable":true,"href":"https:\/\/redheadwithabrain.ch\/index.php\/wp-json\/wp\/v2\/comments?post=2401"}],"version-history":[{"count":4,"href":"https:\/\/redheadwithabrain.ch\/index.php\/wp-json\/wp\/v2\/posts\/2401\/revisions"}],"predecessor-version":[{"id":20025,"href":"https:\/\/redheadwithabrain.ch\/index.php\/wp-json\/wp\/v2\/posts\/2401\/revisions\/20025"}],"wp:featuredmedia":[{"embeddable":true,"href":"https:\/\/redheadwithabrain.ch\/index.php\/wp-json\/wp\/v2\/media\/2402"}],"wp:attachment":[{"href":"https:\/\/redheadwithabrain.ch\/index.php\/wp-json\/wp\/v2\/media?parent=2401"}],"wp:term":[{"taxonomy":"category","embeddable":true,"href":"https:\/\/redheadwithabrain.ch\/index.php\/wp-json\/wp\/v2\/categories?post=2401"},{"taxonomy":"post_tag","embeddable":true,"href":"https:\/\/redheadwithabrain.ch\/index.php\/wp-json\/wp\/v2\/tags?post=2401"}],"curies":[{"name":"wp","href":"https:\/\/api.w.org\/{rel}","templated":true}]}}