{"id":2921,"date":"2021-02-19T22:23:04","date_gmt":"2021-02-19T21:23:04","guid":{"rendered":"https:\/\/redheadwithabrain.ch\/?p=2921"},"modified":"2022-07-17T17:37:35","modified_gmt":"2022-07-17T15:37:35","slug":"les-cahiers-desther-tome-5-histoires-de-mes-14-ans-riad-sattouf-2020","status":"publish","type":"post","link":"https:\/\/redheadwithabrain.ch\/index.php\/2021\/02\/19\/les-cahiers-desther-tome-5-histoires-de-mes-14-ans-riad-sattouf-2020\/","title":{"rendered":"Les cahiers d&#8217;Esther &#8211; Tome 5. Histoires de mes 14 ans &#8211; Riad Sattouf (2020)"},"content":{"rendered":"\n<p class=\"wp-block-paragraph\">Et oui ! Esther a 14 ans et a bien grandi. Ces pr\u00e9occupations sont celles d&#8217;une adolescente: Greta Thunberg, les gilets jaunes et les filles populaires qui ne mettent pas de manteau m\u00eame \u00e0 &#8211; 60 <sup>o<\/sup>C. Son regard sur le Monde est dr\u00f4le et pertinent. C&#8217;est une enfant attachante et une jolie lecture pour des adolescent\u00b7e\u00b7s du m\u00eame \u00e2ge. <\/p>\n\n\n\n<p class=\"wp-block-paragraph\"><em>&#8220;Apr\u00e8s, le lendemain, on a pris le train pour rentrer en France. Eva \u00e9tait dans le coton, et L\u00e9a, qui avait embrass\u00e9 le corres beau gosse d&#8217;Eva toute la soir\u00e9e (premi\u00e8re fois pour elle), m&#8217;a dit \u00e7a: J&#8217;ai mal \u00e0 la langue, \u00e7a va passer tu crois ? J&#8217;ai comme des courbatures. Quand je fais \u00e7a l\u00e0, a\u00efe.&#8221;<\/em><\/p>\n\n\n\n<figure class=\"wp-block-image size-large\"><img data-recalc-dims=\"1\" loading=\"lazy\" decoding=\"async\" width=\"1024\" height=\"766\" src=\"https:\/\/i0.wp.com\/redheadwithabrain.ch\/wp-content\/uploads\/2022\/07\/Untitled-1.png?resize=1024%2C766&#038;ssl=1\" alt=\"\" class=\"wp-image-10128\" srcset=\"https:\/\/i0.wp.com\/redheadwithabrain.ch\/wp-content\/uploads\/2022\/07\/Untitled-1.png?resize=1024%2C766&amp;ssl=1 1024w, https:\/\/i0.wp.com\/redheadwithabrain.ch\/wp-content\/uploads\/2022\/07\/Untitled-1.png?resize=300%2C225&amp;ssl=1 300w, https:\/\/i0.wp.com\/redheadwithabrain.ch\/wp-content\/uploads\/2022\/07\/Untitled-1.png?resize=768%2C575&amp;ssl=1 768w, https:\/\/i0.wp.com\/redheadwithabrain.ch\/wp-content\/uploads\/2022\/07\/Untitled-1.png?w=1145&amp;ssl=1 1145w\" sizes=\"auto, (max-width: 1000px) 100vw, 1000px\" \/><\/figure>\n","protected":false},"excerpt":{"rendered":"<p>Et oui ! Esther a 14 ans et a bien grandi. Ces pr\u00e9occupations sont celles d&#8217;une adolescente: Greta Thunberg, les gilets jaunes et les filles populaires qui ne mettent pas de manteau m\u00eame \u00e0 &#8211; 60 oC. Son regard sur le Monde est dr\u00f4le et pertinent. C&#8217;est une enfant attachante et une jolie lecture pour [&hellip;]<\/p>\n","protected":false},"author":1,"featured_media":2926,"comment_status":"closed","ping_status":"open","sticky":false,"template":"","format":"standard","meta":{"_jetpack_newsletter_access":"","_jetpack_dont_email_post_to_subs":false,"_jetpack_newsletter_tier_id":0,"_jetpack_memberships_contains_paywalled_content":false,"_jetpack_feature_clip_id":0,"_jetpack_memberships_contains_paid_content":false,"footnotes":"","jetpack_post_was_ever_published":false},"categories":[16,103],"tags":[20,42,31],"class_list":["post-2921","post","type-post","status-publish","format-standard","has-post-thumbnail","hentry","category-challenge-riquiqui-2021","category-graphic-2021","tag-adolescence","tag-childhood","tag-family"],"jetpack_sharing_enabled":true,"jetpack_featured_media_url":"https:\/\/i0.wp.com\/redheadwithabrain.ch\/wp-content\/uploads\/2021\/02\/andreas-selter-AHFm9tDaH4U-unsplash-scaled.jpg?fit=2560%2C1707&ssl=1","_links":{"self":[{"href":"https:\/\/redheadwithabrain.ch\/index.php\/wp-json\/wp\/v2\/posts\/2921","targetHints":{"allow":["GET"]}}],"collection":[{"href":"https:\/\/redheadwithabrain.ch\/index.php\/wp-json\/wp\/v2\/posts"}],"about":[{"href":"https:\/\/redheadwithabrain.ch\/index.php\/wp-json\/wp\/v2\/types\/post"}],"author":[{"embeddable":true,"href":"https:\/\/redheadwithabrain.ch\/index.php\/wp-json\/wp\/v2\/users\/1"}],"replies":[{"embeddable":true,"href":"https:\/\/redheadwithabrain.ch\/index.php\/wp-json\/wp\/v2\/comments?post=2921"}],"version-history":[{"count":7,"href":"https:\/\/redheadwithabrain.ch\/index.php\/wp-json\/wp\/v2\/posts\/2921\/revisions"}],"predecessor-version":[{"id":10129,"href":"https:\/\/redheadwithabrain.ch\/index.php\/wp-json\/wp\/v2\/posts\/2921\/revisions\/10129"}],"wp:featuredmedia":[{"embeddable":true,"href":"https:\/\/redheadwithabrain.ch\/index.php\/wp-json\/wp\/v2\/media\/2926"}],"wp:attachment":[{"href":"https:\/\/redheadwithabrain.ch\/index.php\/wp-json\/wp\/v2\/media?parent=2921"}],"wp:term":[{"taxonomy":"category","embeddable":true,"href":"https:\/\/redheadwithabrain.ch\/index.php\/wp-json\/wp\/v2\/categories?post=2921"},{"taxonomy":"post_tag","embeddable":true,"href":"https:\/\/redheadwithabrain.ch\/index.php\/wp-json\/wp\/v2\/tags?post=2921"}],"curies":[{"name":"wp","href":"https:\/\/api.w.org\/{rel}","templated":true}]}}