{"id":3119,"date":"2021-03-19T19:16:00","date_gmt":"2021-03-19T18:16:00","guid":{"rendered":"https:\/\/redheadwithabrain.ch\/?p=3119"},"modified":"2021-03-21T21:58:09","modified_gmt":"2021-03-21T20:58:09","slug":"le-rose-et-le-vert-stendhal-1837","status":"publish","type":"post","link":"https:\/\/redheadwithabrain.ch\/index.php\/2021\/03\/19\/le-rose-et-le-vert-stendhal-1837\/","title":{"rendered":"Le rose et le vert &#8211; Stendhal (1837)"},"content":{"rendered":"\n<p class=\"wp-block-paragraph\">Mina a dix-huit ans et est l&#8217;h\u00e9riti\u00e8re d&#8217;une \u00e9norme fortune. Elle quitte sa Prusse natale pour aller \u00e0 Paris, car elle aimerait trouver un mari qui l&#8217;aime pour elle-m\u00eame et non pour sa richesse. Leon, duc de Montenotte, est un jeune homme \u00e0 marier, mais qui aimerait trouver une mani\u00e8re de le faire qui lui permettrait d&#8217;\u00eatre sans trop d&#8217;attaches. L&#8217;abb\u00e9 Miossince les r\u00e9unit dans l&#8217;id\u00e9e de pouvoir convertir Mina au catholicisme via son futur \u00e9poux. Et&#8230; l&#8217;histoire s&#8217;arr\u00eate l\u00e0, ce roman \u00e9tant une \u0153uvre posthume inachev\u00e9e. Le r\u00e9cit fait une centaine de pages pour les huit cents que Stendhal avait imagin\u00e9s. Sentiment de frustration de ne pas conna\u00eetre la fin, mais un c\u00f4t\u00e9 intriguant \u00e0 voir la construction du texte non finalis\u00e9 et les annotations de Stendhal qui nous laissent entrevoir une partie de la suite de l&#8217;histoire. <\/p>\n\n\n\n<p class=\"wp-block-paragraph\"><em>&#8220;Tout homme qui raconte son amour, dit Madame de Stronbek, par cela m\u00eame prouve qu&#8217;il ne sent pas l&#8217;amour et n&#8217;est m\u00fb que par la vanit\u00e9.&#8221;<\/em><\/p>\n","protected":false},"excerpt":{"rendered":"<p>Mina a dix-huit ans et est l&#8217;h\u00e9riti\u00e8re d&#8217;une \u00e9norme fortune. Elle quitte sa Prusse natale pour aller \u00e0 Paris, car elle aimerait trouver un mari qui l&#8217;aime pour elle-m\u00eame et non pour sa richesse. Leon, duc de Montenotte, est un jeune homme \u00e0 marier, mais qui aimerait trouver une mani\u00e8re de le faire qui lui [&hellip;]<\/p>\n","protected":false},"author":1,"featured_media":3120,"comment_status":"closed","ping_status":"open","sticky":false,"template":"","format":"standard","meta":{"_jetpack_newsletter_access":"","_jetpack_dont_email_post_to_subs":false,"_jetpack_newsletter_tier_id":0,"_jetpack_memberships_contains_paywalled_content":false,"_jetpack_feature_clip_id":0,"_jetpack_memberships_contains_paid_content":false,"footnotes":"","jetpack_post_was_ever_published":false},"categories":[2,16,17],"tags":[19,45,107],"class_list":["post-3119","post","type-post","status-publish","format-standard","has-post-thumbnail","hentry","category-book","category-challenge-riquiqui-2021","category-challenge-solidaire-2021","tag-love","tag-mothers","tag-religion"],"jetpack_sharing_enabled":true,"jetpack_featured_media_url":"https:\/\/i0.wp.com\/redheadwithabrain.ch\/wp-content\/uploads\/2021\/03\/jason-leung-xnFOY9SfcgI-unsplash-scaled.jpg?fit=1707%2C2560&ssl=1","_links":{"self":[{"href":"https:\/\/redheadwithabrain.ch\/index.php\/wp-json\/wp\/v2\/posts\/3119","targetHints":{"allow":["GET"]}}],"collection":[{"href":"https:\/\/redheadwithabrain.ch\/index.php\/wp-json\/wp\/v2\/posts"}],"about":[{"href":"https:\/\/redheadwithabrain.ch\/index.php\/wp-json\/wp\/v2\/types\/post"}],"author":[{"embeddable":true,"href":"https:\/\/redheadwithabrain.ch\/index.php\/wp-json\/wp\/v2\/users\/1"}],"replies":[{"embeddable":true,"href":"https:\/\/redheadwithabrain.ch\/index.php\/wp-json\/wp\/v2\/comments?post=3119"}],"version-history":[{"count":5,"href":"https:\/\/redheadwithabrain.ch\/index.php\/wp-json\/wp\/v2\/posts\/3119\/revisions"}],"predecessor-version":[{"id":3131,"href":"https:\/\/redheadwithabrain.ch\/index.php\/wp-json\/wp\/v2\/posts\/3119\/revisions\/3131"}],"wp:featuredmedia":[{"embeddable":true,"href":"https:\/\/redheadwithabrain.ch\/index.php\/wp-json\/wp\/v2\/media\/3120"}],"wp:attachment":[{"href":"https:\/\/redheadwithabrain.ch\/index.php\/wp-json\/wp\/v2\/media?parent=3119"}],"wp:term":[{"taxonomy":"category","embeddable":true,"href":"https:\/\/redheadwithabrain.ch\/index.php\/wp-json\/wp\/v2\/categories?post=3119"},{"taxonomy":"post_tag","embeddable":true,"href":"https:\/\/redheadwithabrain.ch\/index.php\/wp-json\/wp\/v2\/tags?post=3119"}],"curies":[{"name":"wp","href":"https:\/\/api.w.org\/{rel}","templated":true}]}}