{"id":3319,"date":"2021-03-25T13:10:00","date_gmt":"2021-03-25T12:10:00","guid":{"rendered":"https:\/\/redheadwithabrain.ch\/?p=3319"},"modified":"2021-10-22T17:43:11","modified_gmt":"2021-10-22T15:43:11","slug":"a-t-on-la-liberte-de-se-soumettre-raphael-enthoven-2021","status":"publish","type":"post","link":"https:\/\/redheadwithabrain.ch\/index.php\/2021\/03\/25\/a-t-on-la-liberte-de-se-soumettre-raphael-enthoven-2021\/","title":{"rendered":"A-t-on la libert\u00e9 de se soumettre ? &#8211; Rapha\u00ebl Enthoven (2021)"},"content":{"rendered":"\n<p class=\"wp-block-paragraph\">Invit\u00e9 par la Soci\u00e9t\u00e9 de Lecture de Gen\u00e8ve le 25 mars 2021 dans le cadre du cycle &#8220;Libert\u00e9s conditionnelles&#8221;, Rapha\u00ebl Enthoven nous parle ici de libert\u00e9s au pluriel. Libert\u00e9 publique, libert\u00e9 \u00e9l\u00e9mentaire, libert\u00e9 comme un esclavage, libert\u00e9 intransitive. Mais, surtout, plus important que la libert\u00e9 de mouvement ou d&#8217;expression, la libert\u00e9 de pens\u00e9e. Cette libert\u00e9 est d\u00e9crite par Rapha\u00ebl Enthoven comme de l&#8217;autocensure, c\u2019est-\u00e0-dire une fa\u00e7on de limiter nous-m\u00eames, pour \u00e9viter des ennuis, ce que nous disons et donc finalement ce qui nous pensons. Il illustre ses propos avec de nombreux exemples d&#8217;actualit\u00e9 : les caricatures de Mahomet, Game of Thrones et l&#8217;\u00e9criture inclusive. C&#8217;est intense et brillant. <\/p>\n\n\n\n<p class=\"wp-block-paragraph\"><em>&#8220;Ce n&#8217;est pas le moment de jeter de l&#8217;huile sur le feu. Il faut d\u00e9piauter cette expression dans ses deux termes &#8220;C&#8217;est pas le moment&#8221; et &#8220;jeter de l&#8217;huile sur le feu&#8221;. On prend l&#8217;huile sur le feu. Les gens qui vous reprochent de jeter de l&#8217;huile sur le feu oublient que le probl\u00e8me, c&#8217;est le feu.&#8221;<\/em><\/p>\n","protected":false},"excerpt":{"rendered":"<p>Invit\u00e9 par la Soci\u00e9t\u00e9 de Lecture de Gen\u00e8ve le 25 mars 2021 dans le cadre du cycle &#8220;Libert\u00e9s conditionnelles&#8221;, Rapha\u00ebl Enthoven nous parle ici de libert\u00e9s au pluriel. Libert\u00e9 publique, libert\u00e9 \u00e9l\u00e9mentaire, libert\u00e9 comme un esclavage, libert\u00e9 intransitive. Mais, surtout, plus important que la libert\u00e9 de mouvement ou d&#8217;expression, la libert\u00e9 de pens\u00e9e. Cette libert\u00e9 [&hellip;]<\/p>\n","protected":false},"author":1,"featured_media":3321,"comment_status":"closed","ping_status":"open","sticky":false,"template":"","format":"standard","meta":{"_jetpack_newsletter_access":"","_jetpack_dont_email_post_to_subs":false,"_jetpack_newsletter_tier_id":0,"_jetpack_memberships_contains_paywalled_content":false,"_jetpack_feature_clip_id":0,"_jetpack_memberships_contains_paid_content":false,"footnotes":"","jetpack_post_was_ever_published":false},"categories":[96],"tags":[69,110,39],"class_list":["post-3319","post","type-post","status-publish","format-standard","has-post-thumbnail","hentry","category-conferences","tag-courage","tag-freedom","tag-virus"],"jetpack_sharing_enabled":true,"jetpack_featured_media_url":"https:\/\/i0.wp.com\/redheadwithabrain.ch\/wp-content\/uploads\/2021\/03\/jj-ying-PDxYfXVlK2M-unsplash-scaled.jpg?fit=2560%2C1714&ssl=1","_links":{"self":[{"href":"https:\/\/redheadwithabrain.ch\/index.php\/wp-json\/wp\/v2\/posts\/3319","targetHints":{"allow":["GET"]}}],"collection":[{"href":"https:\/\/redheadwithabrain.ch\/index.php\/wp-json\/wp\/v2\/posts"}],"about":[{"href":"https:\/\/redheadwithabrain.ch\/index.php\/wp-json\/wp\/v2\/types\/post"}],"author":[{"embeddable":true,"href":"https:\/\/redheadwithabrain.ch\/index.php\/wp-json\/wp\/v2\/users\/1"}],"replies":[{"embeddable":true,"href":"https:\/\/redheadwithabrain.ch\/index.php\/wp-json\/wp\/v2\/comments?post=3319"}],"version-history":[{"count":5,"href":"https:\/\/redheadwithabrain.ch\/index.php\/wp-json\/wp\/v2\/posts\/3319\/revisions"}],"predecessor-version":[{"id":7482,"href":"https:\/\/redheadwithabrain.ch\/index.php\/wp-json\/wp\/v2\/posts\/3319\/revisions\/7482"}],"wp:featuredmedia":[{"embeddable":true,"href":"https:\/\/redheadwithabrain.ch\/index.php\/wp-json\/wp\/v2\/media\/3321"}],"wp:attachment":[{"href":"https:\/\/redheadwithabrain.ch\/index.php\/wp-json\/wp\/v2\/media?parent=3319"}],"wp:term":[{"taxonomy":"category","embeddable":true,"href":"https:\/\/redheadwithabrain.ch\/index.php\/wp-json\/wp\/v2\/categories?post=3319"},{"taxonomy":"post_tag","embeddable":true,"href":"https:\/\/redheadwithabrain.ch\/index.php\/wp-json\/wp\/v2\/tags?post=3319"}],"curies":[{"name":"wp","href":"https:\/\/api.w.org\/{rel}","templated":true}]}}