{"id":3329,"date":"2021-03-25T14:52:00","date_gmt":"2021-03-25T13:52:00","guid":{"rendered":"https:\/\/redheadwithabrain.ch\/?p=3329"},"modified":"2021-11-01T22:22:45","modified_gmt":"2021-11-01T21:22:45","slug":"hypercity-parcours-cite-rues-basses-bibliotheques-municipales-de-geneve-2021","status":"publish","type":"post","link":"https:\/\/redheadwithabrain.ch\/index.php\/2021\/03\/25\/hypercity-parcours-cite-rues-basses-bibliotheques-municipales-de-geneve-2021\/","title":{"rendered":"Hypercity &#8211; Parcours Cit\u00e9\/Rues-Basses &#8211; Biblioth\u00e8ques Municipales de Gen\u00e8ve (2021)"},"content":{"rendered":"\n<p class=\"wp-block-paragraph\">Ceci est le <a href=\"https:\/\/hypercity.ch\/parcours\/rues_basses\">premier des parcours-r\u00e9cits<\/a> organis\u00e9s par les Biblioth\u00e8ques municipales. Le principe ? Une balade \u00e0 travers des rues de Gen\u00e8ve pour en d\u00e9couvrir l&#8217;histoire. Des petits r\u00e9cits accroch\u00e9s \u00e0 des arbres qui nous livrent les secrets des lieux au travers de r\u00e9f\u00e9rences litt\u00e9raires. Aujourd&#8217;hui, balade donc dans les Rues-Basses et jusqu&#8217;\u00e0 l&#8217;\u00cele. Les Rues-Basses appel\u00e9es La Rivi\u00e8re, la Madeleine avec ses rues &#8220;d\u2019Enfer&#8221;, &#8220;du Purgatoire&#8221;, &#8220;des Limbes&#8221; et &#8220;du Paradis&#8221; ou encore les Aigles qui tr\u00f4nent \u00e0 Longemalle. Les r\u00e9cits sont denses, on y apprend une foultitude de particularit\u00e9s des lieux et les liens pour approfondir ensuite sont multiples. Une belle balade un jour ensoleill\u00e9 o\u00f9 la bise avait enfin d\u00e9cid\u00e9 de nous laisser tranquilles. <\/p>\n\n\n\n<p class=\"wp-block-paragraph\"><em>&#8220;Pour quelle raison la derni\u00e8re halte de ce parcours, que j\u2019ai appel\u00e9e \u00ab la vie dans un miroir \u00bb, est-elle plac\u00e9e ici ? Parce que nous sommes au bord de l\u2019immense miroir urbain qu\u2019est l\u2019eau du fleuve et du lac et que, si je me penche, un bout de ma vie et de ma ville se refl\u00e8tent dedans, \u00e9largis \u00e0 l\u2019\u00e9chelle du ciel.&#8221;<\/em><\/p>\n","protected":false},"excerpt":{"rendered":"<p>Ceci est le premier des parcours-r\u00e9cits organis\u00e9s par les Biblioth\u00e8ques municipales. Le principe ? Une balade \u00e0 travers des rues de Gen\u00e8ve pour en d\u00e9couvrir l&#8217;histoire. Des petits r\u00e9cits accroch\u00e9s \u00e0 des arbres qui nous livrent les secrets des lieux au travers de r\u00e9f\u00e9rences litt\u00e9raires. Aujourd&#8217;hui, balade donc dans les Rues-Basses et jusqu&#8217;\u00e0 l&#8217;\u00cele. Les [&hellip;]<\/p>\n","protected":false},"author":1,"featured_media":3330,"comment_status":"closed","ping_status":"open","sticky":false,"template":"","format":"standard","meta":{"_jetpack_newsletter_access":"","_jetpack_dont_email_post_to_subs":false,"_jetpack_newsletter_tier_id":0,"_jetpack_memberships_contains_paywalled_content":false,"_jetpack_feature_clip_id":0,"_jetpack_memberships_contains_paid_content":false,"footnotes":"","jetpack_post_was_ever_published":false},"categories":[6],"tags":[112,57,28],"class_list":["post-3329","post","type-post","status-publish","format-standard","has-post-thumbnail","hentry","category-bits-bobs","tag-history","tag-memories","tag-nature"],"jetpack_sharing_enabled":true,"jetpack_featured_media_url":"https:\/\/i0.wp.com\/redheadwithabrain.ch\/wp-content\/uploads\/2021\/03\/jack-ward-BOf0-Sw845k-unsplash-scaled.jpg?fit=1700%2C2560&ssl=1","_links":{"self":[{"href":"https:\/\/redheadwithabrain.ch\/index.php\/wp-json\/wp\/v2\/posts\/3329","targetHints":{"allow":["GET"]}}],"collection":[{"href":"https:\/\/redheadwithabrain.ch\/index.php\/wp-json\/wp\/v2\/posts"}],"about":[{"href":"https:\/\/redheadwithabrain.ch\/index.php\/wp-json\/wp\/v2\/types\/post"}],"author":[{"embeddable":true,"href":"https:\/\/redheadwithabrain.ch\/index.php\/wp-json\/wp\/v2\/users\/1"}],"replies":[{"embeddable":true,"href":"https:\/\/redheadwithabrain.ch\/index.php\/wp-json\/wp\/v2\/comments?post=3329"}],"version-history":[{"count":2,"href":"https:\/\/redheadwithabrain.ch\/index.php\/wp-json\/wp\/v2\/posts\/3329\/revisions"}],"predecessor-version":[{"id":7593,"href":"https:\/\/redheadwithabrain.ch\/index.php\/wp-json\/wp\/v2\/posts\/3329\/revisions\/7593"}],"wp:featuredmedia":[{"embeddable":true,"href":"https:\/\/redheadwithabrain.ch\/index.php\/wp-json\/wp\/v2\/media\/3330"}],"wp:attachment":[{"href":"https:\/\/redheadwithabrain.ch\/index.php\/wp-json\/wp\/v2\/media?parent=3329"}],"wp:term":[{"taxonomy":"category","embeddable":true,"href":"https:\/\/redheadwithabrain.ch\/index.php\/wp-json\/wp\/v2\/categories?post=3329"},{"taxonomy":"post_tag","embeddable":true,"href":"https:\/\/redheadwithabrain.ch\/index.php\/wp-json\/wp\/v2\/tags?post=3329"}],"curies":[{"name":"wp","href":"https:\/\/api.w.org\/{rel}","templated":true}]}}