{"id":399,"date":"2021-01-08T19:30:35","date_gmt":"2021-01-08T18:30:35","guid":{"rendered":"https:\/\/redheadwithabrain.ch\/?p=399"},"modified":"2022-07-17T17:58:36","modified_gmt":"2022-07-17T15:58:36","slug":"au-coeur-de-la-vague-patrick-chappatte","status":"publish","type":"post","link":"https:\/\/redheadwithabrain.ch\/index.php\/2021\/01\/08\/au-coeur-de-la-vague-patrick-chappatte\/","title":{"rendered":"Au c\u0153ur de la vague &#8211; Patrick Chappatte (2020)"},"content":{"rendered":"\n<p class=\"wp-block-paragraph\">Une bande dessin\u00e9e-reportage par ce talentueux dessinateur de presse qu&#8217;est Chappatte qui nous raconte la premi\u00e8re vague de la Covid-19. J&#8217;ai la chance d&#8217;avoir la version sp\u00e9ciale HUG (H\u00f4pitaux Universitaires de Gen\u00e8ve). Pour moi, une belle description de ce que nous avons v\u00e9cu de l&#8217;int\u00e9rieur de cet \u00e9norme vaisseau. Malgr\u00e9 l&#8217;adversit\u00e9 qui nous a tous frapp\u00e9s, de belles choses ont \u00e9merg\u00e9. C&#8217;\u00e9tait tr\u00e8s fort.<\/p>\n\n\n\n<p class=\"wp-block-paragraph\">&#8220;<em>\u00c7a se dispute ferme entre statisticiens, qui tracent leur courbes math\u00e9matiques, et \u00e9pid\u00e9miologistes &#8220;de terrain&#8221;\u2026Prof Pittet: &#8220;Ces calculs n&#8217;int\u00e8grent pas des facteurs r\u00e9els, le comportement des gens. On a un dicton: &#8220;Tous les mod\u00e8les sont faux, certains sont utiles.&#8221;<\/em>&#8230;&#8221;<\/p>\n\n\n\n<figure class=\"wp-block-image size-full\"><img data-recalc-dims=\"1\" loading=\"lazy\" decoding=\"async\" width=\"2202\" height=\"2560\" src=\"https:\/\/i0.wp.com\/redheadwithabrain.ch\/wp-content\/uploads\/2021\/01\/20220717_174416-scaled.jpg?resize=2202%2C2560&#038;ssl=1\" alt=\"\" class=\"wp-image-10131\" srcset=\"https:\/\/i0.wp.com\/redheadwithabrain.ch\/wp-content\/uploads\/2021\/01\/20220717_174416-scaled.jpg?w=2202&amp;ssl=1 2202w, https:\/\/i0.wp.com\/redheadwithabrain.ch\/wp-content\/uploads\/2021\/01\/20220717_174416-scaled.jpg?resize=258%2C300&amp;ssl=1 258w, https:\/\/i0.wp.com\/redheadwithabrain.ch\/wp-content\/uploads\/2021\/01\/20220717_174416-scaled.jpg?resize=881%2C1024&amp;ssl=1 881w, https:\/\/i0.wp.com\/redheadwithabrain.ch\/wp-content\/uploads\/2021\/01\/20220717_174416-scaled.jpg?resize=768%2C893&amp;ssl=1 768w, https:\/\/i0.wp.com\/redheadwithabrain.ch\/wp-content\/uploads\/2021\/01\/20220717_174416-scaled.jpg?resize=1321%2C1536&amp;ssl=1 1321w, https:\/\/i0.wp.com\/redheadwithabrain.ch\/wp-content\/uploads\/2021\/01\/20220717_174416-scaled.jpg?resize=1762%2C2048&amp;ssl=1 1762w, https:\/\/i0.wp.com\/redheadwithabrain.ch\/wp-content\/uploads\/2021\/01\/20220717_174416-scaled.jpg?w=2000&amp;ssl=1 2000w\" sizes=\"auto, (max-width: 1000px) 100vw, 1000px\" \/><\/figure>\n","protected":false},"excerpt":{"rendered":"<p>Une bande dessin\u00e9e-reportage par ce talentueux dessinateur de presse qu&#8217;est Chappatte qui nous raconte la premi\u00e8re vague de la Covid-19. J&#8217;ai la chance d&#8217;avoir la version sp\u00e9ciale HUG (H\u00f4pitaux Universitaires de Gen\u00e8ve). Pour moi, une belle description de ce que nous avons v\u00e9cu de l&#8217;int\u00e9rieur de cet \u00e9norme vaisseau. Malgr\u00e9 l&#8217;adversit\u00e9 qui nous a tous [&hellip;]<\/p>\n","protected":false},"author":1,"featured_media":402,"comment_status":"closed","ping_status":"open","sticky":false,"template":"","format":"standard","meta":{"_jetpack_newsletter_access":"","_jetpack_dont_email_post_to_subs":false,"_jetpack_newsletter_tier_id":0,"_jetpack_memberships_contains_paywalled_content":false,"_jetpack_feature_clip_id":0,"_jetpack_memberships_contains_paid_content":false,"footnotes":"","jetpack_post_was_ever_published":false},"categories":[103],"tags":[40,13,39],"class_list":["post-399","post","type-post","status-publish","format-standard","has-post-thumbnail","hentry","category-graphic-2021","tag-hospital","tag-resilience","tag-virus"],"jetpack_sharing_enabled":true,"jetpack_featured_media_url":"https:\/\/i0.wp.com\/redheadwithabrain.ch\/wp-content\/uploads\/2021\/01\/macau-photo-agency-O8KXb87sTZs-unsplash-scaled.jpg?fit=2560%2C1707&ssl=1","_links":{"self":[{"href":"https:\/\/redheadwithabrain.ch\/index.php\/wp-json\/wp\/v2\/posts\/399","targetHints":{"allow":["GET"]}}],"collection":[{"href":"https:\/\/redheadwithabrain.ch\/index.php\/wp-json\/wp\/v2\/posts"}],"about":[{"href":"https:\/\/redheadwithabrain.ch\/index.php\/wp-json\/wp\/v2\/types\/post"}],"author":[{"embeddable":true,"href":"https:\/\/redheadwithabrain.ch\/index.php\/wp-json\/wp\/v2\/users\/1"}],"replies":[{"embeddable":true,"href":"https:\/\/redheadwithabrain.ch\/index.php\/wp-json\/wp\/v2\/comments?post=399"}],"version-history":[{"count":8,"href":"https:\/\/redheadwithabrain.ch\/index.php\/wp-json\/wp\/v2\/posts\/399\/revisions"}],"predecessor-version":[{"id":10132,"href":"https:\/\/redheadwithabrain.ch\/index.php\/wp-json\/wp\/v2\/posts\/399\/revisions\/10132"}],"wp:featuredmedia":[{"embeddable":true,"href":"https:\/\/redheadwithabrain.ch\/index.php\/wp-json\/wp\/v2\/media\/402"}],"wp:attachment":[{"href":"https:\/\/redheadwithabrain.ch\/index.php\/wp-json\/wp\/v2\/media?parent=399"}],"wp:term":[{"taxonomy":"category","embeddable":true,"href":"https:\/\/redheadwithabrain.ch\/index.php\/wp-json\/wp\/v2\/categories?post=399"},{"taxonomy":"post_tag","embeddable":true,"href":"https:\/\/redheadwithabrain.ch\/index.php\/wp-json\/wp\/v2\/tags?post=399"}],"curies":[{"name":"wp","href":"https:\/\/api.w.org\/{rel}","templated":true}]}}